{"id":368975,"date":"2023-03-17T13:41:54","date_gmt":"2023-03-17T16:41:54","guid":{"rendered":"https:\/\/redfasta.edu.ar\/?post_type=noticias&#038;p=368975"},"modified":"2023-09-05T09:58:47","modified_gmt":"2023-09-05T12:58:47","slug":"el-ciclo-lectivo-2023-nos-trae-hitos-desafios-y-crecimiento","status":"publish","type":"noticias","link":"https:\/\/redfasta.edu.ar\/fr\/noticias\/el-ciclo-lectivo-2023-nos-trae-hitos-desafios-y-crecimiento\/","title":{"rendered":"El ciclo lectivo 2023 nos trae hitos, desaf\u00edos y crecimiento"},"content":{"rendered":"\n<p class=\"has-text-align-left\">La Directora General de la Red Educativa, Lic. Silvina Marlia, envi\u00f3 a las comunidades educativas el mensaje que presenta los hitos y desaf\u00edos que marcar\u00e1n el ciclo lectivo 2023.<\/p>\n\n\n\n<p class=\"has-text-align-left\">Si bien los colegios ubicados en Valencia y Kinshasa desde hace unos meses ya iniciaron su a\u00f1o escolar; esta semana completan el inicio de clases de la Red Educativa Fasta, las 24 instituciones educativas de argentina.<\/p>\n\n\n\n<p class=\"has-text-align-left\">El 2023 se enmarca en tres hitos muy importantes, detalla la Lic. Silvina Marlia en su mensaje, en primer lugar el primer aniversario de la partida del Padre Fundador, Fray An\u00edbal E. Fosbery, a la casa del Padre; en segundo lugar el Jubileo de nuestro santo patrono, Santo Tom\u00e1s de Aquino<em> \u201ca quien debemos conocer y amar. Es el santo que nos invita a ser protagonistas de nuestro tiempo\u201d<\/em>; y en tercer lugar los 20 a\u00f1os del programa FeCien<em> \u201ces nuestra pol\u00edtica prioritaria en la conducci\u00f3n de los colegios de Fasta que da respuesta al llamado de la Iglesia de recuperar la unidad profunda entre la fe y la raz\u00f3n\u201d.<\/em><\/p>\n\n\n\n<p>Todo inicio implica nuevos desaf\u00edos, y as\u00ed como venimos trabajando desde hace unos a\u00f1os volvemos a asumir la tarea de actualizar FeCien para integrar la fe con la raz\u00f3n con la vida y con las obras, y<em> \u201cde esta forma, aspiramos a que cada espacio curricular, cada actividad complementaria, cada acci\u00f3n pastoral sea la expresi\u00f3n de los 3 pilares hecho realidad en la persona concreta para que <\/em><em>pensar, sentir y actuar sea el resultado de una armoniosa integraci\u00f3n<\/em><em>\u201d<\/em>.&nbsp;<\/p>\n\n\n\n<p>Finalmente, y convocando a sumarse a este proyecto conjunto a los educadores, alumnos y familias, la Directora General record\u00f3 la invitaci\u00f3n que hizo el Padre Presidente, Pbro. C\u00e9sar Garc\u00e9s Rojas: <strong><em>\u201chacer de nuestras comunidades espacios amables\u201d<\/em><\/strong>; y destac\u00f3 <em>\u201cpara educar juntos hace falta tambi\u00e9n un camino de encuentro, escucha y apertura. Donde todos nos sintamos cada vez m\u00e1s comprometidos con nuestro Bautismo y con los desaf\u00edos educativos del momento presente de suerte que estemos en grado de aportar las estrategias m\u00e1s eficaces para afrontarlos con generosidad y entusiasmo\u201d<\/em>.<\/p>\n\n\n\n<hr class=\"wp-block-separator has-alpha-channel-opacity is-style-dots\" \/>\n\n\n\n<figure class=\"wp-block-image aligncenter size-full\"><img decoding=\"async\" width=\"85\" height=\"85\" src=\"https:\/\/redfasta.edu.ar\/wp-content\/uploads\/2023\/02\/Silvina.png\" alt=\"\" class=\"wp-image-9673\" \/><\/figure>\n\n\n\n<p class=\"has-text-align-center\">\ud83d\udc49 <a href=\"https:\/\/redfasta.edu.ar\/noticias\/mensaje-de-inicio-escolar-2023\/\" target=\"_blank\" rel=\"noreferrer noopener\">Lee el mensaje completo de Inicio de Ciclo Lectivo 2023<\/a><\/p>\n\n\n\n<hr class=\"wp-block-separator has-alpha-channel-opacity is-style-dots\" \/>\n\n\n\n<div style=\"height:15px\" aria-hidden=\"true\" class=\"wp-block-spacer\"><\/div>\n\n\n\n<h2 class=\"wp-block-heading\" id=\"h-45-anos-3-continentes-y-un-nuevo-colegio\"><strong>45 a\u00f1os, 3 continentes y un nuevo colegio<\/strong><\/h2>\n\n\n\n<p>A partir de nuestro amor por la Verdad y asumiendo la enorme tarea de inculturaci\u00f3n del Evangelio es que este a\u00f1o celebramos los 45 a\u00f1os de la Red Educativa, que si bien inici\u00f3 con el colegio Boisdr\u00f3n en Tucum\u00e1n, r\u00e1pidamente el Esp\u00edritu Santo sopl\u00f3 y nos llev\u00f3 con nuestra tarea evangelizadora a nuevas provincias argentinas, al continente europeo, con el colegio Fasta Madre Sacramento en Valencia y al africano con la inauguraci\u00f3n el a\u00f1o pasado del college Fasta Pere Fosbery.<\/p>\n\n\n\n<p>As\u00ed mismo, Dios, que sigue haci\u00e9ndose presente en nuestra obra, nos dio la gracia de poder abrir nuevos niveles educativos en colegios de San Juan y Bariloche; y tambi\u00e9n concretar el proyecto de la apertura del nuevo colegio Santo Cura Brochero en la provincia de C\u00f3rdoba en el 2024.<\/p>\n\n\n\n<p>Siendo fieles disc\u00edpulos de nuestro santo patrono, es que buscamos ser hombres de nuestro tiempo. Es por ello, que en nuestros colegios no solamente transmitimos la verdad sino que AMAMOS LA VERDAD. Movidos por ese amor, educamos en el bien y la verdad poniendo a Cristo en el centro de nuestras comunidades y mirando la realidad concreta del hombre de hoy para as\u00ed acompa\u00f1ar y acoger a cada uno de los que integran nuestros espacios.<\/p>\n","protected":false},"author":30,"featured_media":368979,"template":"","tipo":[55],"categoria":[39],"fuente":[],"origen":[78],"class_list":["post-368975","noticias","type-noticias","status-publish","has-post-thumbnail","hentry","tipo-con-imagen","origen-propia"],"acf":[],"yoast_head":"<!-- This site is optimized with the Yoast SEO Premium plugin v20.1 (Yoast SEO v27.3) - https:\/\/yoast.com\/product\/yoast-seo-premium-wordpress\/ -->\n<title>El ciclo lectivo 2023 nos trae hitos, desaf\u00edos y crecimiento<\/title>\n<meta name=\"description\" content=\"La Red Educativa Fasta transita un nuevo a\u00f1o escolar y propone un camino de encuentro, escucha y apertura.\" \/>\n<meta name=\"robots\" content=\"index, follow, max-snippet:-1, max-image-preview:large, max-video-preview:-1\" \/>\n<link rel=\"canonical\" href=\"https:\/\/redfasta.edu.ar\/noticias\/el-ciclo-lectivo-2023-nos-trae-hitos-desafios-y-crecimiento\/\" \/>\n<meta property=\"og:locale\" content=\"fr_FR\" \/>\n<meta property=\"og:type\" content=\"article\" \/>\n<meta property=\"og:title\" content=\"El ciclo lectivo 2023 nos trae hitos, desaf\u00edos y crecimiento\" \/>\n<meta property=\"og:description\" content=\"La Red Educativa Fasta transita un nuevo a\u00f1o escolar y propone un camino de encuentro, escucha y apertura.\" \/>\n<meta property=\"og:url\" content=\"https:\/\/redfasta.edu.ar\/noticias\/el-ciclo-lectivo-2023-nos-trae-hitos-desafios-y-crecimiento\/\" \/>\n<meta property=\"og:site_name\" content=\"Red Educativa Fasta\" \/>\n<meta property=\"article:publisher\" content=\"https:\/\/www.facebook.com\/rededucativafasta\" \/>\n<meta property=\"article:modified_time\" content=\"2023-09-05T12:58:47+00:00\" \/>\n<meta property=\"og:image\" content=\"https:\/\/redfasta.edu.ar\/wp-content\/uploads\/2023\/03\/loop-mensaje1.jpg\" \/>\n\t<meta property=\"og:image:width\" content=\"500\" \/>\n\t<meta property=\"og:image:height\" content=\"282\" \/>\n\t<meta property=\"og:image:type\" content=\"image\/jpeg\" \/>\n<meta name=\"twitter:card\" content=\"summary_large_image\" \/>\n<meta name=\"twitter:label1\" content=\"Dur\u00e9e de lecture estim\u00e9e\" \/>\n\t<meta name=\"twitter:data1\" content=\"3 minutes\" \/>\n<script type=\"application\/ld+json\" class=\"yoast-schema-graph\">{\"@context\":\"https:\\\/\\\/schema.org\",\"@graph\":[{\"@type\":\"WebPage\",\"@id\":\"https:\\\/\\\/redfasta.edu.ar\\\/noticias\\\/el-ciclo-lectivo-2023-nos-trae-hitos-desafios-y-crecimiento\\\/\",\"url\":\"https:\\\/\\\/redfasta.edu.ar\\\/noticias\\\/el-ciclo-lectivo-2023-nos-trae-hitos-desafios-y-crecimiento\\\/\",\"name\":\"El ciclo lectivo 2023 nos trae hitos, desaf\u00edos y crecimiento\",\"isPartOf\":{\"@id\":\"https:\\\/\\\/redfasta.edu.ar\\\/#website\"},\"primaryImageOfPage\":{\"@id\":\"https:\\\/\\\/redfasta.edu.ar\\\/noticias\\\/el-ciclo-lectivo-2023-nos-trae-hitos-desafios-y-crecimiento\\\/#primaryimage\"},\"image\":{\"@id\":\"https:\\\/\\\/redfasta.edu.ar\\\/noticias\\\/el-ciclo-lectivo-2023-nos-trae-hitos-desafios-y-crecimiento\\\/#primaryimage\"},\"thumbnailUrl\":\"https:\\\/\\\/redfasta.edu.ar\\\/wp-content\\\/uploads\\\/2023\\\/03\\\/loop-mensaje1.jpg\",\"datePublished\":\"2023-03-17T16:41:54+00:00\",\"dateModified\":\"2023-09-05T12:58:47+00:00\",\"description\":\"La Red Educativa Fasta transita un nuevo a\u00f1o escolar y propone un camino de encuentro, escucha y apertura.\",\"breadcrumb\":{\"@id\":\"https:\\\/\\\/redfasta.edu.ar\\\/noticias\\\/el-ciclo-lectivo-2023-nos-trae-hitos-desafios-y-crecimiento\\\/#breadcrumb\"},\"inLanguage\":\"fr-FR\",\"potentialAction\":[{\"@type\":\"ReadAction\",\"target\":[\"https:\\\/\\\/redfasta.edu.ar\\\/noticias\\\/el-ciclo-lectivo-2023-nos-trae-hitos-desafios-y-crecimiento\\\/\"]}]},{\"@type\":\"ImageObject\",\"inLanguage\":\"fr-FR\",\"@id\":\"https:\\\/\\\/redfasta.edu.ar\\\/noticias\\\/el-ciclo-lectivo-2023-nos-trae-hitos-desafios-y-crecimiento\\\/#primaryimage\",\"url\":\"https:\\\/\\\/redfasta.edu.ar\\\/wp-content\\\/uploads\\\/2023\\\/03\\\/loop-mensaje1.jpg\",\"contentUrl\":\"https:\\\/\\\/redfasta.edu.ar\\\/wp-content\\\/uploads\\\/2023\\\/03\\\/loop-mensaje1.jpg\",\"width\":500,\"height\":282,\"caption\":\"portada mensaje inicio 2023\"},{\"@type\":\"BreadcrumbList\",\"@id\":\"https:\\\/\\\/redfasta.edu.ar\\\/noticias\\\/el-ciclo-lectivo-2023-nos-trae-hitos-desafios-y-crecimiento\\\/#breadcrumb\",\"itemListElement\":[{\"@type\":\"ListItem\",\"position\":1,\"name\":\"Inicio\",\"item\":\"https:\\\/\\\/redfasta.edu.ar\\\/\"},{\"@type\":\"ListItem\",\"position\":2,\"name\":\"Noticias\",\"item\":\"https:\\\/\\\/redfasta.edu.ar\\\/noticias\\\/\"},{\"@type\":\"ListItem\",\"position\":3,\"name\":\"El ciclo lectivo 2023 nos trae hitos, desaf\u00edos y crecimiento\"}]},{\"@type\":\"WebSite\",\"@id\":\"https:\\\/\\\/redfasta.edu.ar\\\/#website\",\"url\":\"https:\\\/\\\/redfasta.edu.ar\\\/\",\"name\":\"Red Educativa Fasta\",\"description\":\"Educamos en la Verdad y el Bien\",\"publisher\":{\"@id\":\"https:\\\/\\\/redfasta.edu.ar\\\/#organization\"},\"potentialAction\":[{\"@type\":\"SearchAction\",\"target\":{\"@type\":\"EntryPoint\",\"urlTemplate\":\"https:\\\/\\\/redfasta.edu.ar\\\/?s={search_term_string}\"},\"query-input\":{\"@type\":\"PropertyValueSpecification\",\"valueRequired\":true,\"valueName\":\"search_term_string\"}}],\"inLanguage\":\"fr-FR\"},{\"@type\":\"Organization\",\"@id\":\"https:\\\/\\\/redfasta.edu.ar\\\/#organization\",\"name\":\"Red Educativa Fasta\",\"url\":\"https:\\\/\\\/redfasta.edu.ar\\\/\",\"logo\":{\"@type\":\"ImageObject\",\"inLanguage\":\"fr-FR\",\"@id\":\"https:\\\/\\\/redfasta.edu.ar\\\/#\\\/schema\\\/logo\\\/image\\\/\",\"url\":\"https:\\\/\\\/redfasta.edu.ar\\\/wp-content\\\/uploads\\\/2021\\\/10\\\/logo-header-bordo.png\",\"contentUrl\":\"https:\\\/\\\/redfasta.edu.ar\\\/wp-content\\\/uploads\\\/2021\\\/10\\\/logo-header-bordo.png\",\"width\":200,\"height\":40,\"caption\":\"Red Educativa Fasta\"},\"image\":{\"@id\":\"https:\\\/\\\/redfasta.edu.ar\\\/#\\\/schema\\\/logo\\\/image\\\/\"},\"sameAs\":[\"https:\\\/\\\/www.facebook.com\\\/rededucativafasta\",\"https:\\\/\\\/www.instagram.com\\\/rededucativafasta\\\/\",\"https:\\\/\\\/www.youtube.com\\\/c\\\/RedEducativaFasta\"]}]}<\/script>\n<!-- \/ Yoast SEO Premium plugin. -->","yoast_head_json":{"title":"El ciclo lectivo 2023 nos trae hitos, desaf\u00edos y crecimiento","description":"La Red Educativa Fasta transita un nuevo a\u00f1o escolar y propone un camino de encuentro, escucha y apertura.","robots":{"index":"index","follow":"follow","max-snippet":"max-snippet:-1","max-image-preview":"max-image-preview:large","max-video-preview":"max-video-preview:-1"},"canonical":"https:\/\/redfasta.edu.ar\/noticias\/el-ciclo-lectivo-2023-nos-trae-hitos-desafios-y-crecimiento\/","og_locale":"fr_FR","og_type":"article","og_title":"El ciclo lectivo 2023 nos trae hitos, desaf\u00edos y crecimiento","og_description":"La Red Educativa Fasta transita un nuevo a\u00f1o escolar y propone un camino de encuentro, escucha y apertura.","og_url":"https:\/\/redfasta.edu.ar\/noticias\/el-ciclo-lectivo-2023-nos-trae-hitos-desafios-y-crecimiento\/","og_site_name":"Red Educativa Fasta","article_publisher":"https:\/\/www.facebook.com\/rededucativafasta","article_modified_time":"2023-09-05T12:58:47+00:00","og_image":[{"width":500,"height":282,"url":"https:\/\/redfasta.edu.ar\/wp-content\/uploads\/2023\/03\/loop-mensaje1.jpg","type":"image\/jpeg"}],"twitter_card":"summary_large_image","twitter_misc":{"Dur\u00e9e de lecture estim\u00e9e":"3 minutes"},"schema":{"@context":"https:\/\/schema.org","@graph":[{"@type":"WebPage","@id":"https:\/\/redfasta.edu.ar\/noticias\/el-ciclo-lectivo-2023-nos-trae-hitos-desafios-y-crecimiento\/","url":"https:\/\/redfasta.edu.ar\/noticias\/el-ciclo-lectivo-2023-nos-trae-hitos-desafios-y-crecimiento\/","name":"El ciclo lectivo 2023 nos trae hitos, desaf\u00edos y crecimiento","isPartOf":{"@id":"https:\/\/redfasta.edu.ar\/#website"},"primaryImageOfPage":{"@id":"https:\/\/redfasta.edu.ar\/noticias\/el-ciclo-lectivo-2023-nos-trae-hitos-desafios-y-crecimiento\/#primaryimage"},"image":{"@id":"https:\/\/redfasta.edu.ar\/noticias\/el-ciclo-lectivo-2023-nos-trae-hitos-desafios-y-crecimiento\/#primaryimage"},"thumbnailUrl":"https:\/\/redfasta.edu.ar\/wp-content\/uploads\/2023\/03\/loop-mensaje1.jpg","datePublished":"2023-03-17T16:41:54+00:00","dateModified":"2023-09-05T12:58:47+00:00","description":"La Red Educativa Fasta transita un nuevo a\u00f1o escolar y propone un camino de encuentro, escucha y apertura.","breadcrumb":{"@id":"https:\/\/redfasta.edu.ar\/noticias\/el-ciclo-lectivo-2023-nos-trae-hitos-desafios-y-crecimiento\/#breadcrumb"},"inLanguage":"fr-FR","potentialAction":[{"@type":"ReadAction","target":["https:\/\/redfasta.edu.ar\/noticias\/el-ciclo-lectivo-2023-nos-trae-hitos-desafios-y-crecimiento\/"]}]},{"@type":"ImageObject","inLanguage":"fr-FR","@id":"https:\/\/redfasta.edu.ar\/noticias\/el-ciclo-lectivo-2023-nos-trae-hitos-desafios-y-crecimiento\/#primaryimage","url":"https:\/\/redfasta.edu.ar\/wp-content\/uploads\/2023\/03\/loop-mensaje1.jpg","contentUrl":"https:\/\/redfasta.edu.ar\/wp-content\/uploads\/2023\/03\/loop-mensaje1.jpg","width":500,"height":282,"caption":"portada mensaje inicio 2023"},{"@type":"BreadcrumbList","@id":"https:\/\/redfasta.edu.ar\/noticias\/el-ciclo-lectivo-2023-nos-trae-hitos-desafios-y-crecimiento\/#breadcrumb","itemListElement":[{"@type":"ListItem","position":1,"name":"Inicio","item":"https:\/\/redfasta.edu.ar\/"},{"@type":"ListItem","position":2,"name":"Noticias","item":"https:\/\/redfasta.edu.ar\/noticias\/"},{"@type":"ListItem","position":3,"name":"El ciclo lectivo 2023 nos trae hitos, desaf\u00edos y crecimiento"}]},{"@type":"WebSite","@id":"https:\/\/redfasta.edu.ar\/#website","url":"https:\/\/redfasta.edu.ar\/","name":"Red Educativa Fasta","description":"Educamos en la Verdad y el Bien","publisher":{"@id":"https:\/\/redfasta.edu.ar\/#organization"},"potentialAction":[{"@type":"SearchAction","target":{"@type":"EntryPoint","urlTemplate":"https:\/\/redfasta.edu.ar\/?s={search_term_string}"},"query-input":{"@type":"PropertyValueSpecification","valueRequired":true,"valueName":"search_term_string"}}],"inLanguage":"fr-FR"},{"@type":"Organization","@id":"https:\/\/redfasta.edu.ar\/#organization","name":"Red Educativa Fasta","url":"https:\/\/redfasta.edu.ar\/","logo":{"@type":"ImageObject","inLanguage":"fr-FR","@id":"https:\/\/redfasta.edu.ar\/#\/schema\/logo\/image\/","url":"https:\/\/redfasta.edu.ar\/wp-content\/uploads\/2021\/10\/logo-header-bordo.png","contentUrl":"https:\/\/redfasta.edu.ar\/wp-content\/uploads\/2021\/10\/logo-header-bordo.png","width":200,"height":40,"caption":"Red Educativa Fasta"},"image":{"@id":"https:\/\/redfasta.edu.ar\/#\/schema\/logo\/image\/"},"sameAs":["https:\/\/www.facebook.com\/rededucativafasta","https:\/\/www.instagram.com\/rededucativafasta\/","https:\/\/www.youtube.com\/c\/RedEducativaFasta"]}]}},"_links":{"self":[{"href":"https:\/\/redfasta.edu.ar\/fr\/wp-json\/wp\/v2\/noticias\/368975","targetHints":{"allow":["GET"]}}],"collection":[{"href":"https:\/\/redfasta.edu.ar\/fr\/wp-json\/wp\/v2\/noticias"}],"about":[{"href":"https:\/\/redfasta.edu.ar\/fr\/wp-json\/wp\/v2\/types\/noticias"}],"author":[{"embeddable":true,"href":"https:\/\/redfasta.edu.ar\/fr\/wp-json\/wp\/v2\/users\/30"}],"version-history":[{"count":20,"href":"https:\/\/redfasta.edu.ar\/fr\/wp-json\/wp\/v2\/noticias\/368975\/revisions"}],"predecessor-version":[{"id":369783,"href":"https:\/\/redfasta.edu.ar\/fr\/wp-json\/wp\/v2\/noticias\/368975\/revisions\/369783"}],"wp:featuredmedia":[{"embeddable":true,"href":"https:\/\/redfasta.edu.ar\/fr\/wp-json\/wp\/v2\/media\/368979"}],"wp:attachment":[{"href":"https:\/\/redfasta.edu.ar\/fr\/wp-json\/wp\/v2\/media?parent=368975"}],"wp:term":[{"taxonomy":"tipo","embeddable":true,"href":"https:\/\/redfasta.edu.ar\/fr\/wp-json\/wp\/v2\/tipo?post=368975"},{"taxonomy":"categoria","embeddable":true,"href":"https:\/\/redfasta.edu.ar\/fr\/wp-json\/wp\/v2\/categoria?post=368975"},{"taxonomy":"fuente","embeddable":true,"href":"https:\/\/redfasta.edu.ar\/fr\/wp-json\/wp\/v2\/fuente?post=368975"},{"taxonomy":"origen","embeddable":true,"href":"https:\/\/redfasta.edu.ar\/fr\/wp-json\/wp\/v2\/origen?post=368975"}],"curies":[{"name":"wp","href":"https:\/\/api.w.org\/{rel}","templated":true}]}}