{"id":369722,"date":"2023-08-29T11:41:27","date_gmt":"2023-08-29T14:41:27","guid":{"rendered":"https:\/\/redfasta.edu.ar\/?post_type=noticias&#038;p=369722"},"modified":"2023-08-31T10:09:19","modified_gmt":"2023-08-31T13:09:19","slug":"avances-en-robotica-y-pensamiento-computacional","status":"publish","type":"noticias","link":"https:\/\/redfasta.edu.ar\/fr\/noticias\/avances-en-robotica-y-pensamiento-computacional\/","title":{"rendered":"Avances en Rob\u00f3tica y Pensamiento computacional"},"content":{"rendered":"\n<p>\u00c9stos avances se orientan en la mejora del desarrollo de habilidades en nuestros alumnos, la creatividad, el pensamiento cr\u00edtico, el aprendizaje de matem\u00e1ticas, la resoluci\u00f3n de problemas y el trabajo en equipo.<\/p>\n\n\n\n<h2 class=\"wp-block-heading\" id=\"h-abanico-de-secuencias-didacticas-desarrolladas-y-avance-en-lo-curricular\"><strong>Abanico de secuencias did\u00e1cticas desarrolladas, y avance en lo curricular<\/strong><\/h2>\n\n\n\n<p>Al Documento Marco de Competencia Digital Educativa (2021) se sumaron este a\u00f1o una serie de materiales curriculares dise\u00f1ados para la orientaci\u00f3n escolar y la consulta docente sobre la incorporaci\u00f3n progresiva de Pensamiento Computacional, Programaci\u00f3n y Rob\u00f3tica desarrollados por el equipo del Programa de Innovaci\u00f3n Digital Educativa -IDE- a lo largo del 2022:<\/p>\n\n\n\n<ul class=\"wp-block-list\">\n<li>Definiciones generales sobre Pensamiento Computacional, Programaci\u00f3n y Rob\u00f3tica para los Colegios de la Red Fasta.&nbsp;<\/li>\n\n\n\n<li>Orientaciones Pedag\u00f3gico-Did\u00e1cticas para el trabajo \u00e1ulico del Pensamiento Computacional, la Programaci\u00f3n y la Rob\u00f3tica.<\/li>\n<\/ul>\n\n\n\n<p><\/p>\n\n\n\n<p>\u00c9ste \u00faltimo material, despliega todo un abanico de planes con modelos de secuencias did\u00e1cticas para implementar con ni\u00f1os de Nivel Inicial y alumnos de 1er ciclo de primaria. Ofrece actividades de Programar Desconectados (Unplugged); programaci\u00f3n en Scratch y Rob\u00f3tica. Tambi\u00e9n desarrolla modelos de actividades para alumnos de 2do ciclo de primaria con una variedad de secuencias did\u00e1cticas de Programaci\u00f3n creativa en Matem\u00e1tica, en Ciencias Naturales; en Ciencias Sociales y MicroBit.&nbsp;<\/p>\n\n\n\n<h2 class=\"wp-block-heading\"><strong>Nueva secci\u00f3n de programaci\u00f3n y rob\u00f3tica en sitio web de docentes<\/strong><\/h2>\n\n\n\n<p>Este <a href=\"https:\/\/sites.google.com\/redfasta.edu.ar\/docentes\/pyr\">nuevo espacio<\/a> permite a nuestros docentes tener disponible los contenidos educativos sugeridos del \u00e1rea, desde material general (Marco de Competencias, Definiciones Generales, Orientaciones did\u00e1cticas) hasta material de formaci\u00f3n docente con&nbsp;secuencias did\u00e1cticas, enlaces a recursos, enfoques metodol\u00f3gicos y novedades.&nbsp;<\/p>\n\n\n\n<figure class=\"wp-block-image size-full\"><img fetchpriority=\"high\" decoding=\"async\" width=\"900\" height=\"400\" src=\"https:\/\/redfasta.edu.ar\/wp-content\/uploads\/2023\/08\/robotica2.jpg\" alt=\"\" class=\"wp-image-369725\" srcset=\"https:\/\/redfasta.edu.ar\/wp-content\/uploads\/2023\/08\/robotica2.jpg 900w, https:\/\/redfasta.edu.ar\/wp-content\/uploads\/2023\/08\/robotica2-300x133.jpg 300w, https:\/\/redfasta.edu.ar\/wp-content\/uploads\/2023\/08\/robotica2-768x341.jpg 768w\" sizes=\"(max-width: 900px) 100vw, 900px\" \/><\/figure>\n\n\n\n<h2 class=\"wp-block-heading\"><strong>El seguimiento de la implementaci\u00f3n de rob\u00f3tica y pensamiento computacional por colegio.<\/strong><\/h2>\n\n\n\n<p>Entre los meses de abril y junio, se llev\u00f3 adelante una primera etapa diagn\u00f3stica de la organizaci\u00f3n y desarrollo curricular de Programaci\u00f3n y Rob\u00f3tica, por colegio.<\/p>\n\n\n\n<p>El equipo responsable de llevar el proceso diagn\u00f3stico en 22 colegios de la Red en Argentina, estuvo conformado por Lic. Melina Tall\u00f3n (colegio Fasta Inmaculada Concepci\u00f3n) y Prof. Vanesa D\u00edaz (colegio Fasta Carlos Acutis).&nbsp;<\/p>\n\n\n\n<p>Fruto de este trabajo se entreg\u00f3 una devoluci\u00f3n a cada colegio con sugerencias de continuidad, metas de superaci\u00f3n y recomendaciones para el despliegue de las asignaturas. A su vez, se llevaron a cabo talleres de capacitaci\u00f3n docente, hasta el momento en los Colegios Fasta Inmaculada Concepci\u00f3n; Santa Teresita del Ni\u00f1o Jes\u00fas; Jes\u00fas de la Misericordia; San Vicente de Pa\u00fal (Devoto) y Carlo Acutis.<\/p>\n\n\n\n<p>Celebramos la incorporaci\u00f3n sistem\u00e1tica y planificada de pr\u00e1cticas transformadoras, que permiten a cada colegio de la Red, avanzar en el despliegue del \u00e1rea y la cualificaci\u00f3n de la ense\u00f1anza.<\/p>\n\n\n\n<p><\/p>\n\n\n\n<div class=\"wp-block-group is-layout-constrained wp-block-group-is-layout-constrained\">\n<p><strong>Equipo IDE<\/strong><\/p>\n\n\n\n<p><em>Director: Lic. Marcelo Varela; Asistente Pedag\u00f3gico, Mag. Marina Chiandoni; Especialistas Lic. Melina Tall\u00f3n y Prof. Vanesa D\u00edaz.&nbsp;<\/em><\/p>\n<\/div>\n\n\n\n<p><\/p>\n","protected":false},"author":2,"featured_media":369724,"template":"","tipo":[55],"categoria":[38],"fuente":[],"origen":[78],"class_list":["post-369722","noticias","type-noticias","status-publish","has-post-thumbnail","hentry","tipo-con-imagen","origen-propia"],"acf":[],"yoast_head":"<!-- This site is optimized with the Yoast SEO Premium plugin v20.1 (Yoast SEO v27.3) - https:\/\/yoast.com\/product\/yoast-seo-premium-wordpress\/ -->\n<title>Avances en Rob\u00f3tica y Pensamiento computacional<\/title>\n<meta name=\"description\" content=\"Secuencias did\u00e1cticas, herramientas docentes. Nueva secci\u00f3n de programaci\u00f3n y rob\u00f3tica en sitio web de docentes de la Red Educativa Fasta.\" \/>\n<meta name=\"robots\" content=\"index, follow, max-snippet:-1, max-image-preview:large, max-video-preview:-1\" \/>\n<link rel=\"canonical\" href=\"https:\/\/redfasta.edu.ar\/noticias\/avances-en-robotica-y-pensamiento-computacional\/\" \/>\n<meta property=\"og:locale\" content=\"fr_FR\" \/>\n<meta property=\"og:type\" content=\"article\" \/>\n<meta property=\"og:title\" content=\"Avances en Rob\u00f3tica y Pensamiento computacional\" \/>\n<meta property=\"og:description\" content=\"Secuencias did\u00e1cticas, herramientas docentes. Nueva secci\u00f3n de programaci\u00f3n y rob\u00f3tica en sitio web de docentes de la Red Educativa Fasta.\" \/>\n<meta property=\"og:url\" content=\"https:\/\/redfasta.edu.ar\/noticias\/avances-en-robotica-y-pensamiento-computacional\/\" \/>\n<meta property=\"og:site_name\" content=\"Red Educativa Fasta\" \/>\n<meta property=\"article:publisher\" content=\"https:\/\/www.facebook.com\/rededucativafasta\" \/>\n<meta property=\"article:modified_time\" content=\"2023-08-31T13:09:19+00:00\" \/>\n<meta property=\"og:image\" content=\"https:\/\/redfasta.edu.ar\/wp-content\/uploads\/2023\/08\/robotica.jpg\" \/>\n\t<meta property=\"og:image:width\" content=\"1400\" \/>\n\t<meta property=\"og:image:height\" content=\"500\" \/>\n\t<meta property=\"og:image:type\" content=\"image\/jpeg\" \/>\n<meta name=\"twitter:card\" content=\"summary_large_image\" \/>\n<meta name=\"twitter:label1\" content=\"Dur\u00e9e de lecture estim\u00e9e\" \/>\n\t<meta name=\"twitter:data1\" content=\"2 minutes\" \/>\n<script type=\"application\/ld+json\" class=\"yoast-schema-graph\">{\"@context\":\"https:\\\/\\\/schema.org\",\"@graph\":[{\"@type\":\"WebPage\",\"@id\":\"https:\\\/\\\/redfasta.edu.ar\\\/noticias\\\/avances-en-robotica-y-pensamiento-computacional\\\/\",\"url\":\"https:\\\/\\\/redfasta.edu.ar\\\/noticias\\\/avances-en-robotica-y-pensamiento-computacional\\\/\",\"name\":\"Avances en Rob\u00f3tica y Pensamiento computacional\",\"isPartOf\":{\"@id\":\"https:\\\/\\\/redfasta.edu.ar\\\/#website\"},\"primaryImageOfPage\":{\"@id\":\"https:\\\/\\\/redfasta.edu.ar\\\/noticias\\\/avances-en-robotica-y-pensamiento-computacional\\\/#primaryimage\"},\"image\":{\"@id\":\"https:\\\/\\\/redfasta.edu.ar\\\/noticias\\\/avances-en-robotica-y-pensamiento-computacional\\\/#primaryimage\"},\"thumbnailUrl\":\"https:\\\/\\\/redfasta.edu.ar\\\/wp-content\\\/uploads\\\/2023\\\/08\\\/robotica.jpg\",\"datePublished\":\"2023-08-29T14:41:27+00:00\",\"dateModified\":\"2023-08-31T13:09:19+00:00\",\"description\":\"Secuencias did\u00e1cticas, herramientas docentes. Nueva secci\u00f3n de programaci\u00f3n y rob\u00f3tica en sitio web de docentes de la Red Educativa Fasta.\",\"breadcrumb\":{\"@id\":\"https:\\\/\\\/redfasta.edu.ar\\\/noticias\\\/avances-en-robotica-y-pensamiento-computacional\\\/#breadcrumb\"},\"inLanguage\":\"fr-FR\",\"potentialAction\":[{\"@type\":\"ReadAction\",\"target\":[\"https:\\\/\\\/redfasta.edu.ar\\\/noticias\\\/avances-en-robotica-y-pensamiento-computacional\\\/\"]}]},{\"@type\":\"ImageObject\",\"inLanguage\":\"fr-FR\",\"@id\":\"https:\\\/\\\/redfasta.edu.ar\\\/noticias\\\/avances-en-robotica-y-pensamiento-computacional\\\/#primaryimage\",\"url\":\"https:\\\/\\\/redfasta.edu.ar\\\/wp-content\\\/uploads\\\/2023\\\/08\\\/robotica.jpg\",\"contentUrl\":\"https:\\\/\\\/redfasta.edu.ar\\\/wp-content\\\/uploads\\\/2023\\\/08\\\/robotica.jpg\",\"width\":1400,\"height\":500},{\"@type\":\"BreadcrumbList\",\"@id\":\"https:\\\/\\\/redfasta.edu.ar\\\/noticias\\\/avances-en-robotica-y-pensamiento-computacional\\\/#breadcrumb\",\"itemListElement\":[{\"@type\":\"ListItem\",\"position\":1,\"name\":\"Inicio\",\"item\":\"https:\\\/\\\/redfasta.edu.ar\\\/\"},{\"@type\":\"ListItem\",\"position\":2,\"name\":\"Noticias\",\"item\":\"https:\\\/\\\/redfasta.edu.ar\\\/noticias\\\/\"},{\"@type\":\"ListItem\",\"position\":3,\"name\":\"Avances en Rob\u00f3tica y Pensamiento computacional\"}]},{\"@type\":\"WebSite\",\"@id\":\"https:\\\/\\\/redfasta.edu.ar\\\/#website\",\"url\":\"https:\\\/\\\/redfasta.edu.ar\\\/\",\"name\":\"Red Educativa Fasta\",\"description\":\"Educamos en la Verdad y el Bien\",\"publisher\":{\"@id\":\"https:\\\/\\\/redfasta.edu.ar\\\/#organization\"},\"potentialAction\":[{\"@type\":\"SearchAction\",\"target\":{\"@type\":\"EntryPoint\",\"urlTemplate\":\"https:\\\/\\\/redfasta.edu.ar\\\/?s={search_term_string}\"},\"query-input\":{\"@type\":\"PropertyValueSpecification\",\"valueRequired\":true,\"valueName\":\"search_term_string\"}}],\"inLanguage\":\"fr-FR\"},{\"@type\":\"Organization\",\"@id\":\"https:\\\/\\\/redfasta.edu.ar\\\/#organization\",\"name\":\"Red Educativa Fasta\",\"url\":\"https:\\\/\\\/redfasta.edu.ar\\\/\",\"logo\":{\"@type\":\"ImageObject\",\"inLanguage\":\"fr-FR\",\"@id\":\"https:\\\/\\\/redfasta.edu.ar\\\/#\\\/schema\\\/logo\\\/image\\\/\",\"url\":\"https:\\\/\\\/redfasta.edu.ar\\\/wp-content\\\/uploads\\\/2021\\\/10\\\/logo-header-bordo.png\",\"contentUrl\":\"https:\\\/\\\/redfasta.edu.ar\\\/wp-content\\\/uploads\\\/2021\\\/10\\\/logo-header-bordo.png\",\"width\":200,\"height\":40,\"caption\":\"Red Educativa Fasta\"},\"image\":{\"@id\":\"https:\\\/\\\/redfasta.edu.ar\\\/#\\\/schema\\\/logo\\\/image\\\/\"},\"sameAs\":[\"https:\\\/\\\/www.facebook.com\\\/rededucativafasta\",\"https:\\\/\\\/www.instagram.com\\\/rededucativafasta\\\/\",\"https:\\\/\\\/www.youtube.com\\\/c\\\/RedEducativaFasta\"]}]}<\/script>\n<!-- \/ Yoast SEO Premium plugin. -->","yoast_head_json":{"title":"Avances en Rob\u00f3tica y Pensamiento computacional","description":"Secuencias did\u00e1cticas, herramientas docentes. Nueva secci\u00f3n de programaci\u00f3n y rob\u00f3tica en sitio web de docentes de la Red Educativa Fasta.","robots":{"index":"index","follow":"follow","max-snippet":"max-snippet:-1","max-image-preview":"max-image-preview:large","max-video-preview":"max-video-preview:-1"},"canonical":"https:\/\/redfasta.edu.ar\/noticias\/avances-en-robotica-y-pensamiento-computacional\/","og_locale":"fr_FR","og_type":"article","og_title":"Avances en Rob\u00f3tica y Pensamiento computacional","og_description":"Secuencias did\u00e1cticas, herramientas docentes. Nueva secci\u00f3n de programaci\u00f3n y rob\u00f3tica en sitio web de docentes de la Red Educativa Fasta.","og_url":"https:\/\/redfasta.edu.ar\/noticias\/avances-en-robotica-y-pensamiento-computacional\/","og_site_name":"Red Educativa Fasta","article_publisher":"https:\/\/www.facebook.com\/rededucativafasta","article_modified_time":"2023-08-31T13:09:19+00:00","og_image":[{"width":1400,"height":500,"url":"https:\/\/redfasta.edu.ar\/wp-content\/uploads\/2023\/08\/robotica.jpg","type":"image\/jpeg"}],"twitter_card":"summary_large_image","twitter_misc":{"Dur\u00e9e de lecture estim\u00e9e":"2 minutes"},"schema":{"@context":"https:\/\/schema.org","@graph":[{"@type":"WebPage","@id":"https:\/\/redfasta.edu.ar\/noticias\/avances-en-robotica-y-pensamiento-computacional\/","url":"https:\/\/redfasta.edu.ar\/noticias\/avances-en-robotica-y-pensamiento-computacional\/","name":"Avances en Rob\u00f3tica y Pensamiento computacional","isPartOf":{"@id":"https:\/\/redfasta.edu.ar\/#website"},"primaryImageOfPage":{"@id":"https:\/\/redfasta.edu.ar\/noticias\/avances-en-robotica-y-pensamiento-computacional\/#primaryimage"},"image":{"@id":"https:\/\/redfasta.edu.ar\/noticias\/avances-en-robotica-y-pensamiento-computacional\/#primaryimage"},"thumbnailUrl":"https:\/\/redfasta.edu.ar\/wp-content\/uploads\/2023\/08\/robotica.jpg","datePublished":"2023-08-29T14:41:27+00:00","dateModified":"2023-08-31T13:09:19+00:00","description":"Secuencias did\u00e1cticas, herramientas docentes. Nueva secci\u00f3n de programaci\u00f3n y rob\u00f3tica en sitio web de docentes de la Red Educativa Fasta.","breadcrumb":{"@id":"https:\/\/redfasta.edu.ar\/noticias\/avances-en-robotica-y-pensamiento-computacional\/#breadcrumb"},"inLanguage":"fr-FR","potentialAction":[{"@type":"ReadAction","target":["https:\/\/redfasta.edu.ar\/noticias\/avances-en-robotica-y-pensamiento-computacional\/"]}]},{"@type":"ImageObject","inLanguage":"fr-FR","@id":"https:\/\/redfasta.edu.ar\/noticias\/avances-en-robotica-y-pensamiento-computacional\/#primaryimage","url":"https:\/\/redfasta.edu.ar\/wp-content\/uploads\/2023\/08\/robotica.jpg","contentUrl":"https:\/\/redfasta.edu.ar\/wp-content\/uploads\/2023\/08\/robotica.jpg","width":1400,"height":500},{"@type":"BreadcrumbList","@id":"https:\/\/redfasta.edu.ar\/noticias\/avances-en-robotica-y-pensamiento-computacional\/#breadcrumb","itemListElement":[{"@type":"ListItem","position":1,"name":"Inicio","item":"https:\/\/redfasta.edu.ar\/"},{"@type":"ListItem","position":2,"name":"Noticias","item":"https:\/\/redfasta.edu.ar\/noticias\/"},{"@type":"ListItem","position":3,"name":"Avances en Rob\u00f3tica y Pensamiento computacional"}]},{"@type":"WebSite","@id":"https:\/\/redfasta.edu.ar\/#website","url":"https:\/\/redfasta.edu.ar\/","name":"Red Educativa Fasta","description":"Educamos en la Verdad y el Bien","publisher":{"@id":"https:\/\/redfasta.edu.ar\/#organization"},"potentialAction":[{"@type":"SearchAction","target":{"@type":"EntryPoint","urlTemplate":"https:\/\/redfasta.edu.ar\/?s={search_term_string}"},"query-input":{"@type":"PropertyValueSpecification","valueRequired":true,"valueName":"search_term_string"}}],"inLanguage":"fr-FR"},{"@type":"Organization","@id":"https:\/\/redfasta.edu.ar\/#organization","name":"Red Educativa Fasta","url":"https:\/\/redfasta.edu.ar\/","logo":{"@type":"ImageObject","inLanguage":"fr-FR","@id":"https:\/\/redfasta.edu.ar\/#\/schema\/logo\/image\/","url":"https:\/\/redfasta.edu.ar\/wp-content\/uploads\/2021\/10\/logo-header-bordo.png","contentUrl":"https:\/\/redfasta.edu.ar\/wp-content\/uploads\/2021\/10\/logo-header-bordo.png","width":200,"height":40,"caption":"Red Educativa Fasta"},"image":{"@id":"https:\/\/redfasta.edu.ar\/#\/schema\/logo\/image\/"},"sameAs":["https:\/\/www.facebook.com\/rededucativafasta","https:\/\/www.instagram.com\/rededucativafasta\/","https:\/\/www.youtube.com\/c\/RedEducativaFasta"]}]}},"_links":{"self":[{"href":"https:\/\/redfasta.edu.ar\/fr\/wp-json\/wp\/v2\/noticias\/369722","targetHints":{"allow":["GET"]}}],"collection":[{"href":"https:\/\/redfasta.edu.ar\/fr\/wp-json\/wp\/v2\/noticias"}],"about":[{"href":"https:\/\/redfasta.edu.ar\/fr\/wp-json\/wp\/v2\/types\/noticias"}],"author":[{"embeddable":true,"href":"https:\/\/redfasta.edu.ar\/fr\/wp-json\/wp\/v2\/users\/2"}],"version-history":[{"count":9,"href":"https:\/\/redfasta.edu.ar\/fr\/wp-json\/wp\/v2\/noticias\/369722\/revisions"}],"predecessor-version":[{"id":369777,"href":"https:\/\/redfasta.edu.ar\/fr\/wp-json\/wp\/v2\/noticias\/369722\/revisions\/369777"}],"wp:featuredmedia":[{"embeddable":true,"href":"https:\/\/redfasta.edu.ar\/fr\/wp-json\/wp\/v2\/media\/369724"}],"wp:attachment":[{"href":"https:\/\/redfasta.edu.ar\/fr\/wp-json\/wp\/v2\/media?parent=369722"}],"wp:term":[{"taxonomy":"tipo","embeddable":true,"href":"https:\/\/redfasta.edu.ar\/fr\/wp-json\/wp\/v2\/tipo?post=369722"},{"taxonomy":"categoria","embeddable":true,"href":"https:\/\/redfasta.edu.ar\/fr\/wp-json\/wp\/v2\/categoria?post=369722"},{"taxonomy":"fuente","embeddable":true,"href":"https:\/\/redfasta.edu.ar\/fr\/wp-json\/wp\/v2\/fuente?post=369722"},{"taxonomy":"origen","embeddable":true,"href":"https:\/\/redfasta.edu.ar\/fr\/wp-json\/wp\/v2\/origen?post=369722"}],"curies":[{"name":"wp","href":"https:\/\/api.w.org\/{rel}","templated":true}]}}