{"id":369820,"date":"2023-09-25T17:48:17","date_gmt":"2023-09-25T20:48:17","guid":{"rendered":"https:\/\/redfasta.edu.ar\/?post_type=noticias&#038;p=369820"},"modified":"2023-09-25T17:48:18","modified_gmt":"2023-09-25T20:48:18","slug":"comunicar-mas-y-mejor-un-desafio-como-escuela-catolica","status":"publish","type":"noticias","link":"https:\/\/redfasta.edu.ar\/fr\/noticias\/comunicar-mas-y-mejor-un-desafio-como-escuela-catolica\/","title":{"rendered":"Comunicar m\u00e1s y mejor, un desaf\u00edo como escuela cat\u00f3lica"},"content":{"rendered":"\n<p class=\"has-text-align-left\">Somos escuela cat\u00f3lica y serlo implica disponer nuestros mejores esfuerzos para \u201cdar voz a una Palabra que no es nuestra, que nos supera, que nos trasciende\u201d. Una voz que debe ser capaz de testimoniar la vigencia de la \u201ccultura cat\u00f3lica\u201d como bien com\u00fan de nuestros colegios, a la vez que comparte los valores centrales de la identidad, del proyecto y de cada una de las propuestas educativas que se desarrollan d\u00eda a d\u00eda.&nbsp;<\/p>\n\n\n\n<p class=\"has-text-align-left\">El Papa Francisco nos convoca a una nueva evangelizaci\u00f3n que consiste en dar esperanza y profundiza en los tonos particulares que debe contener esta nueva evangelizaci\u00f3n. Nuestra comunicaci\u00f3n debe asumir \u00e9stos valores y acompa\u00f1ar este esp\u00edritu de Iglesia en salida.&nbsp;<\/p>\n\n\n\n<p class=\"has-text-align-left\">Estamos llamados tambi\u00e9n a conformarnos cada vez m\u00e1s como verdaderas comunidades cristianas, capaces de acoger y salir al encuentro de todos aquellos que&nbsp; eligen nuestras comunidades como comunidades propias.&nbsp;<\/p>\n\n\n\n<p class=\"has-text-align-left\">Asi mismo los colegios son testigos diariamente de cosas hermosas para celebrar. El encuentro educativo entre docentes y alumnos y entre alumnos entre s\u00ed tiene una multiplicidad de contenido y significado que es necesario compartir, sobre todo con las familias, quienes conf\u00edan por unas horas lo m\u00e1s preciado que tienen y a quienes queremos hacerlos parte de tantos desaf\u00edos, logros y aprendizajes.<\/p>\n\n\n\n<p class=\"has-text-align-left\">En este sentido hemos compartido en numerosas oportunidades el valor esencial y estrat\u00e9gico que tiene la Comunicaci\u00f3n para el cumplimiento de estos objetivos. Nuestra Red Educativa viene haciendo un camino de desarroll\u00f3 en este sentido y ahora pretende dar un paso m\u00e1s poniendo a disposici\u00f3n una Diplomatura propia que permitir\u00e1 cualificar la formaci\u00f3n de los referentes de comunicaci\u00f3n, especialmente, como tambi\u00e9n de cualquier persona de la comunidad que quiera potenciar su conocimiento y adquirir nuevas habilidades y herramientas.<br><\/p>\n\n\n\n<div style=\"height:12px\" aria-hidden=\"true\" class=\"wp-block-spacer\"><\/div>\n\n\n\n<h2 class=\"wp-block-heading\" id=\"h-una-diplomatura-propia-para-nuestros-comunicadores\"><strong>Una Diplomatura propia para nuestros comunicadores<\/strong><\/h2>\n\n\n\n<p>El Directorio de Comunicaciones de Fasta, en conjunto con la Facultad de Periodismo y Comunicaci\u00f3n de la Universidad Fasta, presentan esta Diplomatura en Gesti\u00f3n de la Comunicaci\u00f3n que inicia en el mes de octubre y que tendr\u00e1 certificaci\u00f3n universitaria.<\/p>\n\n\n\n<p>El Vicerrector Acad\u00e9mico de la Ufasta, Silvano Penna, explic\u00f3 que esta Diplomatura constituye <em>\u201cuna propuesta formativa y acad\u00e9mica pensada de manera especial para los comunicadores e interesados de la Ciudad Miliciana. Se presenta como una respuesta a intereses que surgieron en el Encuentro de Comunicadores de Fasta 2023 (COFA), en la necesidad de redescubrir la misi\u00f3n de los comunicadores de Fasta y responder a lo que hoy la Iglesia requiere de ellos, como colaboradores de la Nueva Evangelizaci\u00f3n, en los distintos \u00e1mbitos de la Ciudad Miliciana. Es por eso que, para estar a la vanguardia y \u2018aggiornar\u2019 sus competencias, desarrollamos esta Diplomatura que ofrece conocimientos y habilidades que servir\u00e1n para aplicar en las comunicaciones, tanto en el Movimiento como en las obras educativas y culturales de la Ciudad Miliciana\u201d<\/em>.&nbsp;<\/p>\n\n\n\n<p>La <em>Diplomatura en herramientas de gesti\u00f3n para la comunicaci\u00f3n<\/em> prev\u00e9 un cursado completamente <em>online<\/em>. Los contenidos de cada asignatura se presentan en diversos formatos virtuales (m\u00f3dulos, videos, etc.) en la plataforma educativa de la Ufasta, a los que el estudiante podr\u00e1 acceder de manera <em>asincr\u00f3nica<\/em>. <em>Se <\/em>prev\u00e9 tambi\u00e9n una clase virtual y <em>sincr\u00f3nica<\/em> por cada asignatura de estudio, con el objeto de favorecer el di\u00e1logo de los estudiantes con el docente y de los estudiantes entre s\u00ed, para abordar la aplicaci\u00f3n de los aprendizajes y compartir experiencias.<\/p>\n\n\n\n<p>A su vez, el Director de la Diplomatura, Mg. Maximiliano Urbina, explic\u00f3: <em>\u201cesta instancia formativa fue pensada para un p\u00fablico amplio, es decir, tanto para j\u00f3venes como para adultos. Lo m\u00e1s importante es que finalizar\u00e1 con una propuesta de aplicaci\u00f3n en los colegios, rucas, universidad, departamentos de comunicaciones, direcciones, etc., orientada y guiada por los docentes, profesionales de la comunicaci\u00f3n\u201d<\/em>.<\/p>\n\n\n\n<p><strong><mark style=\"background-color:#ffffff\" class=\"has-inline-color has-vivid-cyan-blue-color\">Los contenidos que se abordar\u00e1n en las distintas asignaturas son:\u00a0<\/mark><\/strong><\/p>\n\n\n\n<ul class=\"wp-block-list\">\n<li>Desaf\u00edos actuales de la comunicaci\u00f3n en las organizaciones y movimientos eclesiales.<\/li>\n\n\n\n<li>Introducci\u00f3n a la comunicaci\u00f3n actual y sus tendencias.<\/li>\n\n\n\n<li>Creatividad para la comunicaci\u00f3n.<\/li>\n\n\n\n<li>Herramientas de gesti\u00f3n de la comunicaci\u00f3n en las organizaciones.<\/li>\n\n\n\n<li>Comunicar para las audiencias, p\u00fablicos y usuarios.<\/li>\n\n\n\n<li>Redes Sociales para la comunicaci\u00f3n.<\/li>\n<\/ul>\n\n\n\n<p><\/p>\n\n\n\n<p>La modalidad de cursado prev\u00e9 una duraci\u00f3n total de tres meses, con el dictado de dos m\u00f3dulos por mes: octubre y noviembre de 2023 y marzo de 2024. Finalmente, el mes de abril de 2024 ser\u00e1 destinado a la preparaci\u00f3n y presentaci\u00f3n del trabajo final, etapa en la cual los estudiantes contar\u00e1n con apoyo tutorial de los docentes.<\/p>\n","protected":false},"author":2,"featured_media":369822,"template":"","tipo":[55],"categoria":[41],"fuente":[],"origen":[78],"class_list":["post-369820","noticias","type-noticias","status-publish","has-post-thumbnail","hentry","tipo-con-imagen","origen-propia"],"acf":[],"yoast_head":"<!-- This site is optimized with the Yoast SEO Premium plugin v20.1 (Yoast SEO v27.3) - https:\/\/yoast.com\/product\/yoast-seo-premium-wordpress\/ -->\n<title>Comunicar m\u00e1s y mejor, un desaf\u00edo como escuela cat\u00f3lica<\/title>\n<meta name=\"description\" content=\"Potenciar la comunicaci\u00f3n de los colegios. Diplomatura en Gesti\u00f3n de la Comunicaci\u00f3n. Para nuestros comunicadores. Fasta. Red Educativa Fasta\" \/>\n<meta name=\"robots\" content=\"index, follow, max-snippet:-1, max-image-preview:large, max-video-preview:-1\" \/>\n<link rel=\"canonical\" href=\"https:\/\/redfasta.edu.ar\/noticias\/comunicar-mas-y-mejor-un-desafio-como-escuela-catolica\/\" \/>\n<meta property=\"og:locale\" content=\"fr_FR\" \/>\n<meta property=\"og:type\" content=\"article\" \/>\n<meta property=\"og:title\" content=\"Comunicar m\u00e1s y mejor, un desaf\u00edo como escuela cat\u00f3lica\" \/>\n<meta property=\"og:description\" content=\"Potenciar la comunicaci\u00f3n de los colegios. Diplomatura en Gesti\u00f3n de la Comunicaci\u00f3n. Para nuestros comunicadores. Fasta. Red Educativa Fasta\" \/>\n<meta property=\"og:url\" content=\"https:\/\/redfasta.edu.ar\/noticias\/comunicar-mas-y-mejor-un-desafio-como-escuela-catolica\/\" \/>\n<meta property=\"og:site_name\" content=\"Red Educativa Fasta\" \/>\n<meta property=\"article:publisher\" content=\"https:\/\/www.facebook.com\/rededucativafasta\" \/>\n<meta property=\"article:modified_time\" content=\"2023-09-25T20:48:18+00:00\" \/>\n<meta property=\"og:image\" content=\"https:\/\/redfasta.edu.ar\/wp-content\/uploads\/2023\/09\/diplo-banner.jpg\" \/>\n\t<meta property=\"og:image:width\" content=\"1400\" \/>\n\t<meta property=\"og:image:height\" content=\"500\" \/>\n\t<meta property=\"og:image:type\" content=\"image\/jpeg\" \/>\n<meta name=\"twitter:card\" content=\"summary_large_image\" \/>\n<meta name=\"twitter:label1\" content=\"Dur\u00e9e de lecture estim\u00e9e\" \/>\n\t<meta name=\"twitter:data1\" content=\"4 minutes\" \/>\n<script type=\"application\/ld+json\" class=\"yoast-schema-graph\">{\"@context\":\"https:\\\/\\\/schema.org\",\"@graph\":[{\"@type\":\"WebPage\",\"@id\":\"https:\\\/\\\/redfasta.edu.ar\\\/noticias\\\/comunicar-mas-y-mejor-un-desafio-como-escuela-catolica\\\/\",\"url\":\"https:\\\/\\\/redfasta.edu.ar\\\/noticias\\\/comunicar-mas-y-mejor-un-desafio-como-escuela-catolica\\\/\",\"name\":\"Comunicar m\u00e1s y mejor, un desaf\u00edo como escuela cat\u00f3lica\",\"isPartOf\":{\"@id\":\"https:\\\/\\\/redfasta.edu.ar\\\/#website\"},\"primaryImageOfPage\":{\"@id\":\"https:\\\/\\\/redfasta.edu.ar\\\/noticias\\\/comunicar-mas-y-mejor-un-desafio-como-escuela-catolica\\\/#primaryimage\"},\"image\":{\"@id\":\"https:\\\/\\\/redfasta.edu.ar\\\/noticias\\\/comunicar-mas-y-mejor-un-desafio-como-escuela-catolica\\\/#primaryimage\"},\"thumbnailUrl\":\"https:\\\/\\\/redfasta.edu.ar\\\/wp-content\\\/uploads\\\/2023\\\/09\\\/diplo-banner.jpg\",\"datePublished\":\"2023-09-25T20:48:17+00:00\",\"dateModified\":\"2023-09-25T20:48:18+00:00\",\"description\":\"Potenciar la comunicaci\u00f3n de los colegios. Diplomatura en Gesti\u00f3n de la Comunicaci\u00f3n. Para nuestros comunicadores. Fasta. Red Educativa Fasta\",\"breadcrumb\":{\"@id\":\"https:\\\/\\\/redfasta.edu.ar\\\/noticias\\\/comunicar-mas-y-mejor-un-desafio-como-escuela-catolica\\\/#breadcrumb\"},\"inLanguage\":\"fr-FR\",\"potentialAction\":[{\"@type\":\"ReadAction\",\"target\":[\"https:\\\/\\\/redfasta.edu.ar\\\/noticias\\\/comunicar-mas-y-mejor-un-desafio-como-escuela-catolica\\\/\"]}]},{\"@type\":\"ImageObject\",\"inLanguage\":\"fr-FR\",\"@id\":\"https:\\\/\\\/redfasta.edu.ar\\\/noticias\\\/comunicar-mas-y-mejor-un-desafio-como-escuela-catolica\\\/#primaryimage\",\"url\":\"https:\\\/\\\/redfasta.edu.ar\\\/wp-content\\\/uploads\\\/2023\\\/09\\\/diplo-banner.jpg\",\"contentUrl\":\"https:\\\/\\\/redfasta.edu.ar\\\/wp-content\\\/uploads\\\/2023\\\/09\\\/diplo-banner.jpg\",\"width\":1400,\"height\":500},{\"@type\":\"BreadcrumbList\",\"@id\":\"https:\\\/\\\/redfasta.edu.ar\\\/noticias\\\/comunicar-mas-y-mejor-un-desafio-como-escuela-catolica\\\/#breadcrumb\",\"itemListElement\":[{\"@type\":\"ListItem\",\"position\":1,\"name\":\"Inicio\",\"item\":\"https:\\\/\\\/redfasta.edu.ar\\\/\"},{\"@type\":\"ListItem\",\"position\":2,\"name\":\"Noticias\",\"item\":\"https:\\\/\\\/redfasta.edu.ar\\\/noticias\\\/\"},{\"@type\":\"ListItem\",\"position\":3,\"name\":\"Comunicar m\u00e1s y mejor, un desaf\u00edo como escuela cat\u00f3lica\"}]},{\"@type\":\"WebSite\",\"@id\":\"https:\\\/\\\/redfasta.edu.ar\\\/#website\",\"url\":\"https:\\\/\\\/redfasta.edu.ar\\\/\",\"name\":\"Red Educativa Fasta\",\"description\":\"Educamos en la Verdad y el Bien\",\"publisher\":{\"@id\":\"https:\\\/\\\/redfasta.edu.ar\\\/#organization\"},\"potentialAction\":[{\"@type\":\"SearchAction\",\"target\":{\"@type\":\"EntryPoint\",\"urlTemplate\":\"https:\\\/\\\/redfasta.edu.ar\\\/?s={search_term_string}\"},\"query-input\":{\"@type\":\"PropertyValueSpecification\",\"valueRequired\":true,\"valueName\":\"search_term_string\"}}],\"inLanguage\":\"fr-FR\"},{\"@type\":\"Organization\",\"@id\":\"https:\\\/\\\/redfasta.edu.ar\\\/#organization\",\"name\":\"Red Educativa Fasta\",\"url\":\"https:\\\/\\\/redfasta.edu.ar\\\/\",\"logo\":{\"@type\":\"ImageObject\",\"inLanguage\":\"fr-FR\",\"@id\":\"https:\\\/\\\/redfasta.edu.ar\\\/#\\\/schema\\\/logo\\\/image\\\/\",\"url\":\"https:\\\/\\\/redfasta.edu.ar\\\/wp-content\\\/uploads\\\/2021\\\/10\\\/logo-header-bordo.png\",\"contentUrl\":\"https:\\\/\\\/redfasta.edu.ar\\\/wp-content\\\/uploads\\\/2021\\\/10\\\/logo-header-bordo.png\",\"width\":200,\"height\":40,\"caption\":\"Red Educativa Fasta\"},\"image\":{\"@id\":\"https:\\\/\\\/redfasta.edu.ar\\\/#\\\/schema\\\/logo\\\/image\\\/\"},\"sameAs\":[\"https:\\\/\\\/www.facebook.com\\\/rededucativafasta\",\"https:\\\/\\\/www.instagram.com\\\/rededucativafasta\\\/\",\"https:\\\/\\\/www.youtube.com\\\/c\\\/RedEducativaFasta\"]}]}<\/script>\n<!-- \/ Yoast SEO Premium plugin. -->","yoast_head_json":{"title":"Comunicar m\u00e1s y mejor, un desaf\u00edo como escuela cat\u00f3lica","description":"Potenciar la comunicaci\u00f3n de los colegios. Diplomatura en Gesti\u00f3n de la Comunicaci\u00f3n. Para nuestros comunicadores. Fasta. Red Educativa Fasta","robots":{"index":"index","follow":"follow","max-snippet":"max-snippet:-1","max-image-preview":"max-image-preview:large","max-video-preview":"max-video-preview:-1"},"canonical":"https:\/\/redfasta.edu.ar\/noticias\/comunicar-mas-y-mejor-un-desafio-como-escuela-catolica\/","og_locale":"fr_FR","og_type":"article","og_title":"Comunicar m\u00e1s y mejor, un desaf\u00edo como escuela cat\u00f3lica","og_description":"Potenciar la comunicaci\u00f3n de los colegios. Diplomatura en Gesti\u00f3n de la Comunicaci\u00f3n. Para nuestros comunicadores. Fasta. Red Educativa Fasta","og_url":"https:\/\/redfasta.edu.ar\/noticias\/comunicar-mas-y-mejor-un-desafio-como-escuela-catolica\/","og_site_name":"Red Educativa Fasta","article_publisher":"https:\/\/www.facebook.com\/rededucativafasta","article_modified_time":"2023-09-25T20:48:18+00:00","og_image":[{"width":1400,"height":500,"url":"https:\/\/redfasta.edu.ar\/wp-content\/uploads\/2023\/09\/diplo-banner.jpg","type":"image\/jpeg"}],"twitter_card":"summary_large_image","twitter_misc":{"Dur\u00e9e de lecture estim\u00e9e":"4 minutes"},"schema":{"@context":"https:\/\/schema.org","@graph":[{"@type":"WebPage","@id":"https:\/\/redfasta.edu.ar\/noticias\/comunicar-mas-y-mejor-un-desafio-como-escuela-catolica\/","url":"https:\/\/redfasta.edu.ar\/noticias\/comunicar-mas-y-mejor-un-desafio-como-escuela-catolica\/","name":"Comunicar m\u00e1s y mejor, un desaf\u00edo como escuela cat\u00f3lica","isPartOf":{"@id":"https:\/\/redfasta.edu.ar\/#website"},"primaryImageOfPage":{"@id":"https:\/\/redfasta.edu.ar\/noticias\/comunicar-mas-y-mejor-un-desafio-como-escuela-catolica\/#primaryimage"},"image":{"@id":"https:\/\/redfasta.edu.ar\/noticias\/comunicar-mas-y-mejor-un-desafio-como-escuela-catolica\/#primaryimage"},"thumbnailUrl":"https:\/\/redfasta.edu.ar\/wp-content\/uploads\/2023\/09\/diplo-banner.jpg","datePublished":"2023-09-25T20:48:17+00:00","dateModified":"2023-09-25T20:48:18+00:00","description":"Potenciar la comunicaci\u00f3n de los colegios. Diplomatura en Gesti\u00f3n de la Comunicaci\u00f3n. Para nuestros comunicadores. Fasta. Red Educativa Fasta","breadcrumb":{"@id":"https:\/\/redfasta.edu.ar\/noticias\/comunicar-mas-y-mejor-un-desafio-como-escuela-catolica\/#breadcrumb"},"inLanguage":"fr-FR","potentialAction":[{"@type":"ReadAction","target":["https:\/\/redfasta.edu.ar\/noticias\/comunicar-mas-y-mejor-un-desafio-como-escuela-catolica\/"]}]},{"@type":"ImageObject","inLanguage":"fr-FR","@id":"https:\/\/redfasta.edu.ar\/noticias\/comunicar-mas-y-mejor-un-desafio-como-escuela-catolica\/#primaryimage","url":"https:\/\/redfasta.edu.ar\/wp-content\/uploads\/2023\/09\/diplo-banner.jpg","contentUrl":"https:\/\/redfasta.edu.ar\/wp-content\/uploads\/2023\/09\/diplo-banner.jpg","width":1400,"height":500},{"@type":"BreadcrumbList","@id":"https:\/\/redfasta.edu.ar\/noticias\/comunicar-mas-y-mejor-un-desafio-como-escuela-catolica\/#breadcrumb","itemListElement":[{"@type":"ListItem","position":1,"name":"Inicio","item":"https:\/\/redfasta.edu.ar\/"},{"@type":"ListItem","position":2,"name":"Noticias","item":"https:\/\/redfasta.edu.ar\/noticias\/"},{"@type":"ListItem","position":3,"name":"Comunicar m\u00e1s y mejor, un desaf\u00edo como escuela cat\u00f3lica"}]},{"@type":"WebSite","@id":"https:\/\/redfasta.edu.ar\/#website","url":"https:\/\/redfasta.edu.ar\/","name":"Red Educativa Fasta","description":"Educamos en la Verdad y el Bien","publisher":{"@id":"https:\/\/redfasta.edu.ar\/#organization"},"potentialAction":[{"@type":"SearchAction","target":{"@type":"EntryPoint","urlTemplate":"https:\/\/redfasta.edu.ar\/?s={search_term_string}"},"query-input":{"@type":"PropertyValueSpecification","valueRequired":true,"valueName":"search_term_string"}}],"inLanguage":"fr-FR"},{"@type":"Organization","@id":"https:\/\/redfasta.edu.ar\/#organization","name":"Red Educativa Fasta","url":"https:\/\/redfasta.edu.ar\/","logo":{"@type":"ImageObject","inLanguage":"fr-FR","@id":"https:\/\/redfasta.edu.ar\/#\/schema\/logo\/image\/","url":"https:\/\/redfasta.edu.ar\/wp-content\/uploads\/2021\/10\/logo-header-bordo.png","contentUrl":"https:\/\/redfasta.edu.ar\/wp-content\/uploads\/2021\/10\/logo-header-bordo.png","width":200,"height":40,"caption":"Red Educativa Fasta"},"image":{"@id":"https:\/\/redfasta.edu.ar\/#\/schema\/logo\/image\/"},"sameAs":["https:\/\/www.facebook.com\/rededucativafasta","https:\/\/www.instagram.com\/rededucativafasta\/","https:\/\/www.youtube.com\/c\/RedEducativaFasta"]}]}},"_links":{"self":[{"href":"https:\/\/redfasta.edu.ar\/fr\/wp-json\/wp\/v2\/noticias\/369820","targetHints":{"allow":["GET"]}}],"collection":[{"href":"https:\/\/redfasta.edu.ar\/fr\/wp-json\/wp\/v2\/noticias"}],"about":[{"href":"https:\/\/redfasta.edu.ar\/fr\/wp-json\/wp\/v2\/types\/noticias"}],"author":[{"embeddable":true,"href":"https:\/\/redfasta.edu.ar\/fr\/wp-json\/wp\/v2\/users\/2"}],"version-history":[{"count":20,"href":"https:\/\/redfasta.edu.ar\/fr\/wp-json\/wp\/v2\/noticias\/369820\/revisions"}],"predecessor-version":[{"id":369842,"href":"https:\/\/redfasta.edu.ar\/fr\/wp-json\/wp\/v2\/noticias\/369820\/revisions\/369842"}],"wp:featuredmedia":[{"embeddable":true,"href":"https:\/\/redfasta.edu.ar\/fr\/wp-json\/wp\/v2\/media\/369822"}],"wp:attachment":[{"href":"https:\/\/redfasta.edu.ar\/fr\/wp-json\/wp\/v2\/media?parent=369820"}],"wp:term":[{"taxonomy":"tipo","embeddable":true,"href":"https:\/\/redfasta.edu.ar\/fr\/wp-json\/wp\/v2\/tipo?post=369820"},{"taxonomy":"categoria","embeddable":true,"href":"https:\/\/redfasta.edu.ar\/fr\/wp-json\/wp\/v2\/categoria?post=369820"},{"taxonomy":"fuente","embeddable":true,"href":"https:\/\/redfasta.edu.ar\/fr\/wp-json\/wp\/v2\/fuente?post=369820"},{"taxonomy":"origen","embeddable":true,"href":"https:\/\/redfasta.edu.ar\/fr\/wp-json\/wp\/v2\/origen?post=369820"}],"curies":[{"name":"wp","href":"https:\/\/api.w.org\/{rel}","templated":true}]}}