{"id":369846,"date":"2023-09-26T12:13:10","date_gmt":"2023-09-26T15:13:10","guid":{"rendered":"https:\/\/redfasta.edu.ar\/?post_type=noticias&#038;p=369846"},"modified":"2023-09-26T13:16:29","modified_gmt":"2023-09-26T16:16:29","slug":"nuevo-diseno-curricular-de-lengua-para-nivel-primario","status":"publish","type":"noticias","link":"https:\/\/redfasta.edu.ar\/fr\/noticias\/nuevo-diseno-curricular-de-lengua-para-nivel-primario\/","title":{"rendered":"Nuevo dise\u00f1o curricular de Lengua para Nivel Primario"},"content":{"rendered":"\n<p>Se trata de un objetivo largamente anhelado, fruto de un rico y profundo<strong> trabajo en equipo<\/strong> de las especialistas Lic. El\u00edzabeth Apud, Prof. Sonia Beretta y Mag. Marina Chiandoni, quienes se dedicaron colaborativamente a su dise\u00f1o desde octubre del a\u00f1o 2022 y han concluido su producci\u00f3n en septiembre de este a\u00f1o.<\/p>\n\n\n\n<p>El Dise\u00f1o elaborado visibiliza la propuesta formativa y did\u00e1ctica de los procesos de ense\u00f1anza y de aprendizaje de la <strong>Lengua y la Literatura <\/strong>definidos por los enfoques <strong>FeCien del Proyecto Educativo Curricular de los Colegios Fasta<\/strong>. Su prop\u00f3sito y finalidad central es brindar claras orientaciones y disposiciones a docentes y directivos en relaci\u00f3n a los aprendizajes y contenidos de dicha asignatura, su planificaci\u00f3n, desarrollo de las tareas de ense\u00f1anza y evaluaci\u00f3n enfocados en las competencias y aprendizajes b\u00e1sicos de la Lengua y la Literatura para la escuela primaria.&nbsp;<\/p>\n\n\n\n<p>Los directivos disponen del documento en modalidad digital en el digesto -reservorio virtual-, en el cual consultan los m\u00faltiples materiales y documentos del proyecto y m\u00e9todo educativo de los colegios de la red.&nbsp;<\/p>\n\n\n\n<p>El equipo redactor present\u00f3 el dise\u00f1o, sus alcances y prescripciones de su consulta para docentes y directivos de Nivel, quedando a disposici\u00f3n. La presentaci\u00f3n se realiz\u00f3 el pasado martes 5 de septiembre, en una reuni\u00f3n virtual dirigida a todos los equipos directivos de Primaria, en la cual se explicitaron sus caracter\u00edsticas, sus partes y contenido,&nbsp; adem\u00e1s de recomendaciones de implementaci\u00f3n para dicho Nivel.&nbsp;&nbsp;<\/p>\n\n\n\n<p>Es importante se\u00f1alar que este <em>dise\u00f1o curricular<\/em> se basa y respeta las definiciones y prescripciones dispuestas en los documentos nacionales y provinciales -Nap y Dise\u00f1os curriculares de las 7 provincias donde la Red Fasta posee Colegios-; y se recrean la selecci\u00f3n de aprendizajes, contenidos y evidencias de logro de los aprendizajes de Lengua y Literatura, desde lo propio del estilo educativo de la Red.&nbsp;<\/p>\n\n\n\n<p>\u00a1Celebramos profundamente este logro que pone de manifiesto nuestro aporte original a la Iglesia en materia educativa!<\/p>\n","protected":false},"author":2,"featured_media":369848,"template":"","tipo":[55],"categoria":[41],"fuente":[],"origen":[78],"class_list":["post-369846","noticias","type-noticias","status-publish","has-post-thumbnail","hentry","tipo-con-imagen","origen-propia"],"acf":[],"yoast_head":"<!-- This site is optimized with the Yoast SEO Premium plugin v20.1 (Yoast SEO v27.3) - https:\/\/yoast.com\/product\/yoast-seo-premium-wordpress\/ -->\n<title>Nuevo dise\u00f1o curricular de Lengua para Nivel Primario<\/title>\n<meta name=\"description\" content=\"Lengua y la Literatura. FeCien. Proyecto Educativo de los Colegios Fasta. Red Educativa Fasta. Nuevo documento curricular\" \/>\n<meta name=\"robots\" content=\"index, follow, max-snippet:-1, max-image-preview:large, max-video-preview:-1\" \/>\n<link rel=\"canonical\" href=\"https:\/\/redfasta.edu.ar\/noticias\/nuevo-diseno-curricular-de-lengua-para-nivel-primario\/\" \/>\n<meta property=\"og:locale\" content=\"fr_FR\" \/>\n<meta property=\"og:type\" content=\"article\" \/>\n<meta property=\"og:title\" content=\"Nuevo dise\u00f1o curricular de Lengua para Nivel Primario\" \/>\n<meta property=\"og:description\" content=\"Lengua y la Literatura. FeCien. Proyecto Educativo de los Colegios Fasta. Red Educativa Fasta. Nuevo documento curricular\" \/>\n<meta property=\"og:url\" content=\"https:\/\/redfasta.edu.ar\/noticias\/nuevo-diseno-curricular-de-lengua-para-nivel-primario\/\" \/>\n<meta property=\"og:site_name\" content=\"Red Educativa Fasta\" \/>\n<meta property=\"article:publisher\" content=\"https:\/\/www.facebook.com\/rededucativafasta\" \/>\n<meta property=\"article:modified_time\" content=\"2023-09-26T16:16:29+00:00\" \/>\n<meta property=\"og:image\" content=\"https:\/\/redfasta.edu.ar\/wp-content\/uploads\/2023\/09\/lengua-banner.jpg\" \/>\n\t<meta property=\"og:image:width\" content=\"1400\" \/>\n\t<meta property=\"og:image:height\" content=\"500\" \/>\n\t<meta property=\"og:image:type\" content=\"image\/jpeg\" \/>\n<meta name=\"twitter:card\" content=\"summary_large_image\" \/>\n<meta name=\"twitter:label1\" content=\"Dur\u00e9e de lecture estim\u00e9e\" \/>\n\t<meta name=\"twitter:data1\" content=\"2 minutes\" \/>\n<script type=\"application\/ld+json\" class=\"yoast-schema-graph\">{\"@context\":\"https:\\\/\\\/schema.org\",\"@graph\":[{\"@type\":\"WebPage\",\"@id\":\"https:\\\/\\\/redfasta.edu.ar\\\/noticias\\\/nuevo-diseno-curricular-de-lengua-para-nivel-primario\\\/\",\"url\":\"https:\\\/\\\/redfasta.edu.ar\\\/noticias\\\/nuevo-diseno-curricular-de-lengua-para-nivel-primario\\\/\",\"name\":\"Nuevo dise\u00f1o curricular de Lengua para Nivel Primario\",\"isPartOf\":{\"@id\":\"https:\\\/\\\/redfasta.edu.ar\\\/#website\"},\"primaryImageOfPage\":{\"@id\":\"https:\\\/\\\/redfasta.edu.ar\\\/noticias\\\/nuevo-diseno-curricular-de-lengua-para-nivel-primario\\\/#primaryimage\"},\"image\":{\"@id\":\"https:\\\/\\\/redfasta.edu.ar\\\/noticias\\\/nuevo-diseno-curricular-de-lengua-para-nivel-primario\\\/#primaryimage\"},\"thumbnailUrl\":\"https:\\\/\\\/redfasta.edu.ar\\\/wp-content\\\/uploads\\\/2023\\\/09\\\/lengua-banner.jpg\",\"datePublished\":\"2023-09-26T15:13:10+00:00\",\"dateModified\":\"2023-09-26T16:16:29+00:00\",\"description\":\"Lengua y la Literatura. FeCien. Proyecto Educativo de los Colegios Fasta. Red Educativa Fasta. Nuevo documento curricular\",\"breadcrumb\":{\"@id\":\"https:\\\/\\\/redfasta.edu.ar\\\/noticias\\\/nuevo-diseno-curricular-de-lengua-para-nivel-primario\\\/#breadcrumb\"},\"inLanguage\":\"fr-FR\",\"potentialAction\":[{\"@type\":\"ReadAction\",\"target\":[\"https:\\\/\\\/redfasta.edu.ar\\\/noticias\\\/nuevo-diseno-curricular-de-lengua-para-nivel-primario\\\/\"]}]},{\"@type\":\"ImageObject\",\"inLanguage\":\"fr-FR\",\"@id\":\"https:\\\/\\\/redfasta.edu.ar\\\/noticias\\\/nuevo-diseno-curricular-de-lengua-para-nivel-primario\\\/#primaryimage\",\"url\":\"https:\\\/\\\/redfasta.edu.ar\\\/wp-content\\\/uploads\\\/2023\\\/09\\\/lengua-banner.jpg\",\"contentUrl\":\"https:\\\/\\\/redfasta.edu.ar\\\/wp-content\\\/uploads\\\/2023\\\/09\\\/lengua-banner.jpg\",\"width\":1400,\"height\":500},{\"@type\":\"BreadcrumbList\",\"@id\":\"https:\\\/\\\/redfasta.edu.ar\\\/noticias\\\/nuevo-diseno-curricular-de-lengua-para-nivel-primario\\\/#breadcrumb\",\"itemListElement\":[{\"@type\":\"ListItem\",\"position\":1,\"name\":\"Inicio\",\"item\":\"https:\\\/\\\/redfasta.edu.ar\\\/\"},{\"@type\":\"ListItem\",\"position\":2,\"name\":\"Noticias\",\"item\":\"https:\\\/\\\/redfasta.edu.ar\\\/noticias\\\/\"},{\"@type\":\"ListItem\",\"position\":3,\"name\":\"Nuevo dise\u00f1o curricular de Lengua para Nivel Primario\"}]},{\"@type\":\"WebSite\",\"@id\":\"https:\\\/\\\/redfasta.edu.ar\\\/#website\",\"url\":\"https:\\\/\\\/redfasta.edu.ar\\\/\",\"name\":\"Red Educativa Fasta\",\"description\":\"Educamos en la Verdad y el Bien\",\"publisher\":{\"@id\":\"https:\\\/\\\/redfasta.edu.ar\\\/#organization\"},\"potentialAction\":[{\"@type\":\"SearchAction\",\"target\":{\"@type\":\"EntryPoint\",\"urlTemplate\":\"https:\\\/\\\/redfasta.edu.ar\\\/?s={search_term_string}\"},\"query-input\":{\"@type\":\"PropertyValueSpecification\",\"valueRequired\":true,\"valueName\":\"search_term_string\"}}],\"inLanguage\":\"fr-FR\"},{\"@type\":\"Organization\",\"@id\":\"https:\\\/\\\/redfasta.edu.ar\\\/#organization\",\"name\":\"Red Educativa Fasta\",\"url\":\"https:\\\/\\\/redfasta.edu.ar\\\/\",\"logo\":{\"@type\":\"ImageObject\",\"inLanguage\":\"fr-FR\",\"@id\":\"https:\\\/\\\/redfasta.edu.ar\\\/#\\\/schema\\\/logo\\\/image\\\/\",\"url\":\"https:\\\/\\\/redfasta.edu.ar\\\/wp-content\\\/uploads\\\/2021\\\/10\\\/logo-header-bordo.png\",\"contentUrl\":\"https:\\\/\\\/redfasta.edu.ar\\\/wp-content\\\/uploads\\\/2021\\\/10\\\/logo-header-bordo.png\",\"width\":200,\"height\":40,\"caption\":\"Red Educativa Fasta\"},\"image\":{\"@id\":\"https:\\\/\\\/redfasta.edu.ar\\\/#\\\/schema\\\/logo\\\/image\\\/\"},\"sameAs\":[\"https:\\\/\\\/www.facebook.com\\\/rededucativafasta\",\"https:\\\/\\\/www.instagram.com\\\/rededucativafasta\\\/\",\"https:\\\/\\\/www.youtube.com\\\/c\\\/RedEducativaFasta\"]}]}<\/script>\n<!-- \/ Yoast SEO Premium plugin. -->","yoast_head_json":{"title":"Nuevo dise\u00f1o curricular de Lengua para Nivel Primario","description":"Lengua y la Literatura. FeCien. Proyecto Educativo de los Colegios Fasta. Red Educativa Fasta. Nuevo documento curricular","robots":{"index":"index","follow":"follow","max-snippet":"max-snippet:-1","max-image-preview":"max-image-preview:large","max-video-preview":"max-video-preview:-1"},"canonical":"https:\/\/redfasta.edu.ar\/noticias\/nuevo-diseno-curricular-de-lengua-para-nivel-primario\/","og_locale":"fr_FR","og_type":"article","og_title":"Nuevo dise\u00f1o curricular de Lengua para Nivel Primario","og_description":"Lengua y la Literatura. FeCien. Proyecto Educativo de los Colegios Fasta. Red Educativa Fasta. Nuevo documento curricular","og_url":"https:\/\/redfasta.edu.ar\/noticias\/nuevo-diseno-curricular-de-lengua-para-nivel-primario\/","og_site_name":"Red Educativa Fasta","article_publisher":"https:\/\/www.facebook.com\/rededucativafasta","article_modified_time":"2023-09-26T16:16:29+00:00","og_image":[{"width":1400,"height":500,"url":"https:\/\/redfasta.edu.ar\/wp-content\/uploads\/2023\/09\/lengua-banner.jpg","type":"image\/jpeg"}],"twitter_card":"summary_large_image","twitter_misc":{"Dur\u00e9e de lecture estim\u00e9e":"2 minutes"},"schema":{"@context":"https:\/\/schema.org","@graph":[{"@type":"WebPage","@id":"https:\/\/redfasta.edu.ar\/noticias\/nuevo-diseno-curricular-de-lengua-para-nivel-primario\/","url":"https:\/\/redfasta.edu.ar\/noticias\/nuevo-diseno-curricular-de-lengua-para-nivel-primario\/","name":"Nuevo dise\u00f1o curricular de Lengua para Nivel Primario","isPartOf":{"@id":"https:\/\/redfasta.edu.ar\/#website"},"primaryImageOfPage":{"@id":"https:\/\/redfasta.edu.ar\/noticias\/nuevo-diseno-curricular-de-lengua-para-nivel-primario\/#primaryimage"},"image":{"@id":"https:\/\/redfasta.edu.ar\/noticias\/nuevo-diseno-curricular-de-lengua-para-nivel-primario\/#primaryimage"},"thumbnailUrl":"https:\/\/redfasta.edu.ar\/wp-content\/uploads\/2023\/09\/lengua-banner.jpg","datePublished":"2023-09-26T15:13:10+00:00","dateModified":"2023-09-26T16:16:29+00:00","description":"Lengua y la Literatura. FeCien. Proyecto Educativo de los Colegios Fasta. Red Educativa Fasta. Nuevo documento curricular","breadcrumb":{"@id":"https:\/\/redfasta.edu.ar\/noticias\/nuevo-diseno-curricular-de-lengua-para-nivel-primario\/#breadcrumb"},"inLanguage":"fr-FR","potentialAction":[{"@type":"ReadAction","target":["https:\/\/redfasta.edu.ar\/noticias\/nuevo-diseno-curricular-de-lengua-para-nivel-primario\/"]}]},{"@type":"ImageObject","inLanguage":"fr-FR","@id":"https:\/\/redfasta.edu.ar\/noticias\/nuevo-diseno-curricular-de-lengua-para-nivel-primario\/#primaryimage","url":"https:\/\/redfasta.edu.ar\/wp-content\/uploads\/2023\/09\/lengua-banner.jpg","contentUrl":"https:\/\/redfasta.edu.ar\/wp-content\/uploads\/2023\/09\/lengua-banner.jpg","width":1400,"height":500},{"@type":"BreadcrumbList","@id":"https:\/\/redfasta.edu.ar\/noticias\/nuevo-diseno-curricular-de-lengua-para-nivel-primario\/#breadcrumb","itemListElement":[{"@type":"ListItem","position":1,"name":"Inicio","item":"https:\/\/redfasta.edu.ar\/"},{"@type":"ListItem","position":2,"name":"Noticias","item":"https:\/\/redfasta.edu.ar\/noticias\/"},{"@type":"ListItem","position":3,"name":"Nuevo dise\u00f1o curricular de Lengua para Nivel Primario"}]},{"@type":"WebSite","@id":"https:\/\/redfasta.edu.ar\/#website","url":"https:\/\/redfasta.edu.ar\/","name":"Red Educativa Fasta","description":"Educamos en la Verdad y el Bien","publisher":{"@id":"https:\/\/redfasta.edu.ar\/#organization"},"potentialAction":[{"@type":"SearchAction","target":{"@type":"EntryPoint","urlTemplate":"https:\/\/redfasta.edu.ar\/?s={search_term_string}"},"query-input":{"@type":"PropertyValueSpecification","valueRequired":true,"valueName":"search_term_string"}}],"inLanguage":"fr-FR"},{"@type":"Organization","@id":"https:\/\/redfasta.edu.ar\/#organization","name":"Red Educativa Fasta","url":"https:\/\/redfasta.edu.ar\/","logo":{"@type":"ImageObject","inLanguage":"fr-FR","@id":"https:\/\/redfasta.edu.ar\/#\/schema\/logo\/image\/","url":"https:\/\/redfasta.edu.ar\/wp-content\/uploads\/2021\/10\/logo-header-bordo.png","contentUrl":"https:\/\/redfasta.edu.ar\/wp-content\/uploads\/2021\/10\/logo-header-bordo.png","width":200,"height":40,"caption":"Red Educativa Fasta"},"image":{"@id":"https:\/\/redfasta.edu.ar\/#\/schema\/logo\/image\/"},"sameAs":["https:\/\/www.facebook.com\/rededucativafasta","https:\/\/www.instagram.com\/rededucativafasta\/","https:\/\/www.youtube.com\/c\/RedEducativaFasta"]}]}},"_links":{"self":[{"href":"https:\/\/redfasta.edu.ar\/fr\/wp-json\/wp\/v2\/noticias\/369846","targetHints":{"allow":["GET"]}}],"collection":[{"href":"https:\/\/redfasta.edu.ar\/fr\/wp-json\/wp\/v2\/noticias"}],"about":[{"href":"https:\/\/redfasta.edu.ar\/fr\/wp-json\/wp\/v2\/types\/noticias"}],"author":[{"embeddable":true,"href":"https:\/\/redfasta.edu.ar\/fr\/wp-json\/wp\/v2\/users\/2"}],"version-history":[{"count":6,"href":"https:\/\/redfasta.edu.ar\/fr\/wp-json\/wp\/v2\/noticias\/369846\/revisions"}],"predecessor-version":[{"id":369864,"href":"https:\/\/redfasta.edu.ar\/fr\/wp-json\/wp\/v2\/noticias\/369846\/revisions\/369864"}],"wp:featuredmedia":[{"embeddable":true,"href":"https:\/\/redfasta.edu.ar\/fr\/wp-json\/wp\/v2\/media\/369848"}],"wp:attachment":[{"href":"https:\/\/redfasta.edu.ar\/fr\/wp-json\/wp\/v2\/media?parent=369846"}],"wp:term":[{"taxonomy":"tipo","embeddable":true,"href":"https:\/\/redfasta.edu.ar\/fr\/wp-json\/wp\/v2\/tipo?post=369846"},{"taxonomy":"categoria","embeddable":true,"href":"https:\/\/redfasta.edu.ar\/fr\/wp-json\/wp\/v2\/categoria?post=369846"},{"taxonomy":"fuente","embeddable":true,"href":"https:\/\/redfasta.edu.ar\/fr\/wp-json\/wp\/v2\/fuente?post=369846"},{"taxonomy":"origen","embeddable":true,"href":"https:\/\/redfasta.edu.ar\/fr\/wp-json\/wp\/v2\/origen?post=369846"}],"curies":[{"name":"wp","href":"https:\/\/api.w.org\/{rel}","templated":true}]}}