{"id":369983,"date":"2023-10-27T11:54:23","date_gmt":"2023-10-27T14:54:23","guid":{"rendered":"https:\/\/redfasta.edu.ar\/?post_type=noticias&#038;p=369983"},"modified":"2023-10-27T11:54:25","modified_gmt":"2023-10-27T14:54:25","slug":"encuentro-del-padre-cesar-con-el-equipo-de-la-direccion-general-de-la-red","status":"publish","type":"noticias","link":"https:\/\/redfasta.edu.ar\/fr\/noticias\/encuentro-del-padre-cesar-con-el-equipo-de-la-direccion-general-de-la-red\/","title":{"rendered":"Encuentro del Padre C\u00e9sar con el equipo de la Direcci\u00f3n General de la Red"},"content":{"rendered":"\n<p class=\"has-text-align-center\"><em>\u201c&#8230; Lo que tenemos, es un tesoro enorme\u2026\u201d<\/em><\/p>\n\n\n\n<p>En un c\u00e1lido y fraternal espacio de di\u00e1logo pudieron reflexionar sobre el estado de situaci\u00f3n de las distintas \u00e1reas que componen el accionar educativo, compartiendo logros pero sobre todo reflexionando sobre los desaf\u00edos culturales que plantea cada una de las l\u00edneas estrat\u00e9gicas de trabajo.&nbsp;<\/p>\n\n\n\n<p>El evangelio del d\u00eda y la ense\u00f1anza de la Palabra desde la fe por parte del Padre C\u00e9sar marcaron el inicio del espacio.&nbsp;<\/p>\n\n\n\n<p>Luego se adentraron en las presentaciones de los miembros del equipo, iniciando con Gesti\u00f3n Directiva. Especial inter\u00e9s mostr\u00f3 el Padre C\u00e9sar por las comunidades de aprendizaje que mantienen los directivos de nivel de la Red en las se re\u00fanen con cierta periodicidad para formarse e intercambiar buenas pr\u00e1cticas en la l\u00ednea del aprendizaje efectivo.&nbsp;<\/p>\n\n\n\n<p>Asi mismo alent\u00f3 el proceso de gesti\u00f3n del talento en el que se est\u00e1 trabajando, identificando las vocaciones docentes y directivas de miembros de la Red y del movimiento, planificando su formaci\u00f3n y acompa\u00f1ando con tutor\u00edas su camino formativo.&nbsp;<\/p>\n\n\n\n<p>En relaci\u00f3n al \u00e1rea de integraci\u00f3n se mostr\u00f3 el fruto de largos a\u00f1os de trabajo en Fecien, un recorrido de los pasos dados desde el momento en que se public\u00f3 el libro Fecien, el site para docente con el despliegue de todas las \u00e1reas, el desarrollo de efem\u00e9rides, el desarrollo areal, y los distintos encuentros que se han llevado a cabo en esta etapa. Luego profundizaron en los desaf\u00edos de la integraci\u00f3n fe raz\u00f3n en la cultura actual, donde se ha roto la tradici\u00f3n de la fe y la raz\u00f3n est\u00e1 cuestionada.&nbsp;<\/p>\n\n\n\n<p>En relaci\u00f3n a Fevida se desplegaron los \u00e1mbitos de la orientaci\u00f3n, el proyecto de virtudes, el protagonismo del alumno y de afectividad y sexualidad. Luego se hizo un recorrido de todo lo desarrollado en los site de ESI padres y ESI docentes.&nbsp;<\/p>\n\n\n\n<p>El Padre C\u00e9sar manifest\u00f3 mucha gratitud en lo que se hace y pidi\u00f3 pensar la manera de compartir todo el desarrollo original que ha hecho la Red, pensar c\u00f3mo hacer para poner esto al servicio de toda la iglesia.<\/p>\n\n\n\n<p>Finalmente compartieron el almuerzo y pronto se encontrar\u00e1n en una segunda jornada donde avanzar\u00e1n en las \u00e1reas pendientes.<\/p>\n","protected":false},"author":30,"featured_media":369985,"template":"","tipo":[55],"categoria":[40],"fuente":[],"origen":[78],"class_list":["post-369983","noticias","type-noticias","status-publish","has-post-thumbnail","hentry","tipo-con-imagen","origen-propia"],"acf":[],"yoast_head":"<!-- This site is optimized with the Yoast SEO Premium plugin v20.1 (Yoast SEO v27.3) - https:\/\/yoast.com\/product\/yoast-seo-premium-wordpress\/ -->\n<title>Encuentro del Padre C\u00e9sar con el equipo de la Direcci\u00f3n General de la Red<\/title>\n<meta name=\"robots\" content=\"index, follow, max-snippet:-1, max-image-preview:large, max-video-preview:-1\" \/>\n<link rel=\"canonical\" href=\"https:\/\/redfasta.edu.ar\/noticias\/encuentro-del-padre-cesar-con-el-equipo-de-la-direccion-general-de-la-red\/\" \/>\n<meta property=\"og:locale\" content=\"fr_FR\" \/>\n<meta property=\"og:type\" content=\"article\" \/>\n<meta property=\"og:title\" content=\"Encuentro del Padre C\u00e9sar con el equipo de la Direcci\u00f3n General de la Red\" \/>\n<meta property=\"og:description\" content=\"\u201c&#8230; Lo que tenemos, es un tesoro enorme\u2026\u201d En un c\u00e1lido y fraternal espacio de di\u00e1logo pudieron reflexionar sobre el estado de situaci\u00f3n de las distintas \u00e1reas que componen el accionar educativo, compartiendo logros pero sobre todo reflexionando sobre los desaf\u00edos culturales que plantea cada una de las l\u00edneas estrat\u00e9gicas de trabajo.&nbsp; El evangelio del [&hellip;]\" \/>\n<meta property=\"og:url\" content=\"https:\/\/redfasta.edu.ar\/noticias\/encuentro-del-padre-cesar-con-el-equipo-de-la-direccion-general-de-la-red\/\" \/>\n<meta property=\"og:site_name\" content=\"Red Educativa Fasta\" \/>\n<meta property=\"article:publisher\" content=\"https:\/\/www.facebook.com\/rededucativafasta\" \/>\n<meta property=\"article:modified_time\" content=\"2023-10-27T14:54:25+00:00\" \/>\n<meta property=\"og:image\" content=\"https:\/\/redfasta.edu.ar\/wp-content\/uploads\/2023\/10\/direccion.png\" \/>\n\t<meta property=\"og:image:width\" content=\"1400\" \/>\n\t<meta property=\"og:image:height\" content=\"500\" \/>\n\t<meta property=\"og:image:type\" content=\"image\/png\" \/>\n<meta name=\"twitter:card\" content=\"summary_large_image\" \/>\n<meta name=\"twitter:label1\" content=\"Dur\u00e9e de lecture estim\u00e9e\" \/>\n\t<meta name=\"twitter:data1\" content=\"2 minutes\" \/>\n<script type=\"application\/ld+json\" class=\"yoast-schema-graph\">{\"@context\":\"https:\\\/\\\/schema.org\",\"@graph\":[{\"@type\":\"WebPage\",\"@id\":\"https:\\\/\\\/redfasta.edu.ar\\\/noticias\\\/encuentro-del-padre-cesar-con-el-equipo-de-la-direccion-general-de-la-red\\\/\",\"url\":\"https:\\\/\\\/redfasta.edu.ar\\\/noticias\\\/encuentro-del-padre-cesar-con-el-equipo-de-la-direccion-general-de-la-red\\\/\",\"name\":\"Encuentro del Padre C\u00e9sar con el equipo de la Direcci\u00f3n General de la Red\",\"isPartOf\":{\"@id\":\"https:\\\/\\\/redfasta.edu.ar\\\/#website\"},\"primaryImageOfPage\":{\"@id\":\"https:\\\/\\\/redfasta.edu.ar\\\/noticias\\\/encuentro-del-padre-cesar-con-el-equipo-de-la-direccion-general-de-la-red\\\/#primaryimage\"},\"image\":{\"@id\":\"https:\\\/\\\/redfasta.edu.ar\\\/noticias\\\/encuentro-del-padre-cesar-con-el-equipo-de-la-direccion-general-de-la-red\\\/#primaryimage\"},\"thumbnailUrl\":\"https:\\\/\\\/redfasta.edu.ar\\\/wp-content\\\/uploads\\\/2023\\\/10\\\/direccion.png\",\"datePublished\":\"2023-10-27T14:54:23+00:00\",\"dateModified\":\"2023-10-27T14:54:25+00:00\",\"breadcrumb\":{\"@id\":\"https:\\\/\\\/redfasta.edu.ar\\\/noticias\\\/encuentro-del-padre-cesar-con-el-equipo-de-la-direccion-general-de-la-red\\\/#breadcrumb\"},\"inLanguage\":\"fr-FR\",\"potentialAction\":[{\"@type\":\"ReadAction\",\"target\":[\"https:\\\/\\\/redfasta.edu.ar\\\/noticias\\\/encuentro-del-padre-cesar-con-el-equipo-de-la-direccion-general-de-la-red\\\/\"]}]},{\"@type\":\"ImageObject\",\"inLanguage\":\"fr-FR\",\"@id\":\"https:\\\/\\\/redfasta.edu.ar\\\/noticias\\\/encuentro-del-padre-cesar-con-el-equipo-de-la-direccion-general-de-la-red\\\/#primaryimage\",\"url\":\"https:\\\/\\\/redfasta.edu.ar\\\/wp-content\\\/uploads\\\/2023\\\/10\\\/direccion.png\",\"contentUrl\":\"https:\\\/\\\/redfasta.edu.ar\\\/wp-content\\\/uploads\\\/2023\\\/10\\\/direccion.png\",\"width\":1400,\"height\":500},{\"@type\":\"BreadcrumbList\",\"@id\":\"https:\\\/\\\/redfasta.edu.ar\\\/noticias\\\/encuentro-del-padre-cesar-con-el-equipo-de-la-direccion-general-de-la-red\\\/#breadcrumb\",\"itemListElement\":[{\"@type\":\"ListItem\",\"position\":1,\"name\":\"Inicio\",\"item\":\"https:\\\/\\\/redfasta.edu.ar\\\/\"},{\"@type\":\"ListItem\",\"position\":2,\"name\":\"Noticias\",\"item\":\"https:\\\/\\\/redfasta.edu.ar\\\/noticias\\\/\"},{\"@type\":\"ListItem\",\"position\":3,\"name\":\"Encuentro del Padre C\u00e9sar con el equipo de la Direcci\u00f3n General de la Red\"}]},{\"@type\":\"WebSite\",\"@id\":\"https:\\\/\\\/redfasta.edu.ar\\\/#website\",\"url\":\"https:\\\/\\\/redfasta.edu.ar\\\/\",\"name\":\"Red Educativa Fasta\",\"description\":\"Educamos en la Verdad y el Bien\",\"publisher\":{\"@id\":\"https:\\\/\\\/redfasta.edu.ar\\\/#organization\"},\"potentialAction\":[{\"@type\":\"SearchAction\",\"target\":{\"@type\":\"EntryPoint\",\"urlTemplate\":\"https:\\\/\\\/redfasta.edu.ar\\\/?s={search_term_string}\"},\"query-input\":{\"@type\":\"PropertyValueSpecification\",\"valueRequired\":true,\"valueName\":\"search_term_string\"}}],\"inLanguage\":\"fr-FR\"},{\"@type\":\"Organization\",\"@id\":\"https:\\\/\\\/redfasta.edu.ar\\\/#organization\",\"name\":\"Red Educativa Fasta\",\"url\":\"https:\\\/\\\/redfasta.edu.ar\\\/\",\"logo\":{\"@type\":\"ImageObject\",\"inLanguage\":\"fr-FR\",\"@id\":\"https:\\\/\\\/redfasta.edu.ar\\\/#\\\/schema\\\/logo\\\/image\\\/\",\"url\":\"https:\\\/\\\/redfasta.edu.ar\\\/wp-content\\\/uploads\\\/2021\\\/10\\\/logo-header-bordo.png\",\"contentUrl\":\"https:\\\/\\\/redfasta.edu.ar\\\/wp-content\\\/uploads\\\/2021\\\/10\\\/logo-header-bordo.png\",\"width\":200,\"height\":40,\"caption\":\"Red Educativa Fasta\"},\"image\":{\"@id\":\"https:\\\/\\\/redfasta.edu.ar\\\/#\\\/schema\\\/logo\\\/image\\\/\"},\"sameAs\":[\"https:\\\/\\\/www.facebook.com\\\/rededucativafasta\",\"https:\\\/\\\/www.instagram.com\\\/rededucativafasta\\\/\",\"https:\\\/\\\/www.youtube.com\\\/c\\\/RedEducativaFasta\"]}]}<\/script>\n<!-- \/ Yoast SEO Premium plugin. -->","yoast_head_json":{"title":"Encuentro del Padre C\u00e9sar con el equipo de la Direcci\u00f3n General de la Red","robots":{"index":"index","follow":"follow","max-snippet":"max-snippet:-1","max-image-preview":"max-image-preview:large","max-video-preview":"max-video-preview:-1"},"canonical":"https:\/\/redfasta.edu.ar\/noticias\/encuentro-del-padre-cesar-con-el-equipo-de-la-direccion-general-de-la-red\/","og_locale":"fr_FR","og_type":"article","og_title":"Encuentro del Padre C\u00e9sar con el equipo de la Direcci\u00f3n General de la Red","og_description":"\u201c&#8230; Lo que tenemos, es un tesoro enorme\u2026\u201d En un c\u00e1lido y fraternal espacio de di\u00e1logo pudieron reflexionar sobre el estado de situaci\u00f3n de las distintas \u00e1reas que componen el accionar educativo, compartiendo logros pero sobre todo reflexionando sobre los desaf\u00edos culturales que plantea cada una de las l\u00edneas estrat\u00e9gicas de trabajo.&nbsp; El evangelio del [&hellip;]","og_url":"https:\/\/redfasta.edu.ar\/noticias\/encuentro-del-padre-cesar-con-el-equipo-de-la-direccion-general-de-la-red\/","og_site_name":"Red Educativa Fasta","article_publisher":"https:\/\/www.facebook.com\/rededucativafasta","article_modified_time":"2023-10-27T14:54:25+00:00","og_image":[{"width":1400,"height":500,"url":"https:\/\/redfasta.edu.ar\/wp-content\/uploads\/2023\/10\/direccion.png","type":"image\/png"}],"twitter_card":"summary_large_image","twitter_misc":{"Dur\u00e9e de lecture estim\u00e9e":"2 minutes"},"schema":{"@context":"https:\/\/schema.org","@graph":[{"@type":"WebPage","@id":"https:\/\/redfasta.edu.ar\/noticias\/encuentro-del-padre-cesar-con-el-equipo-de-la-direccion-general-de-la-red\/","url":"https:\/\/redfasta.edu.ar\/noticias\/encuentro-del-padre-cesar-con-el-equipo-de-la-direccion-general-de-la-red\/","name":"Encuentro del Padre C\u00e9sar con el equipo de la Direcci\u00f3n General de la Red","isPartOf":{"@id":"https:\/\/redfasta.edu.ar\/#website"},"primaryImageOfPage":{"@id":"https:\/\/redfasta.edu.ar\/noticias\/encuentro-del-padre-cesar-con-el-equipo-de-la-direccion-general-de-la-red\/#primaryimage"},"image":{"@id":"https:\/\/redfasta.edu.ar\/noticias\/encuentro-del-padre-cesar-con-el-equipo-de-la-direccion-general-de-la-red\/#primaryimage"},"thumbnailUrl":"https:\/\/redfasta.edu.ar\/wp-content\/uploads\/2023\/10\/direccion.png","datePublished":"2023-10-27T14:54:23+00:00","dateModified":"2023-10-27T14:54:25+00:00","breadcrumb":{"@id":"https:\/\/redfasta.edu.ar\/noticias\/encuentro-del-padre-cesar-con-el-equipo-de-la-direccion-general-de-la-red\/#breadcrumb"},"inLanguage":"fr-FR","potentialAction":[{"@type":"ReadAction","target":["https:\/\/redfasta.edu.ar\/noticias\/encuentro-del-padre-cesar-con-el-equipo-de-la-direccion-general-de-la-red\/"]}]},{"@type":"ImageObject","inLanguage":"fr-FR","@id":"https:\/\/redfasta.edu.ar\/noticias\/encuentro-del-padre-cesar-con-el-equipo-de-la-direccion-general-de-la-red\/#primaryimage","url":"https:\/\/redfasta.edu.ar\/wp-content\/uploads\/2023\/10\/direccion.png","contentUrl":"https:\/\/redfasta.edu.ar\/wp-content\/uploads\/2023\/10\/direccion.png","width":1400,"height":500},{"@type":"BreadcrumbList","@id":"https:\/\/redfasta.edu.ar\/noticias\/encuentro-del-padre-cesar-con-el-equipo-de-la-direccion-general-de-la-red\/#breadcrumb","itemListElement":[{"@type":"ListItem","position":1,"name":"Inicio","item":"https:\/\/redfasta.edu.ar\/"},{"@type":"ListItem","position":2,"name":"Noticias","item":"https:\/\/redfasta.edu.ar\/noticias\/"},{"@type":"ListItem","position":3,"name":"Encuentro del Padre C\u00e9sar con el equipo de la Direcci\u00f3n General de la Red"}]},{"@type":"WebSite","@id":"https:\/\/redfasta.edu.ar\/#website","url":"https:\/\/redfasta.edu.ar\/","name":"Red Educativa Fasta","description":"Educamos en la Verdad y el Bien","publisher":{"@id":"https:\/\/redfasta.edu.ar\/#organization"},"potentialAction":[{"@type":"SearchAction","target":{"@type":"EntryPoint","urlTemplate":"https:\/\/redfasta.edu.ar\/?s={search_term_string}"},"query-input":{"@type":"PropertyValueSpecification","valueRequired":true,"valueName":"search_term_string"}}],"inLanguage":"fr-FR"},{"@type":"Organization","@id":"https:\/\/redfasta.edu.ar\/#organization","name":"Red Educativa Fasta","url":"https:\/\/redfasta.edu.ar\/","logo":{"@type":"ImageObject","inLanguage":"fr-FR","@id":"https:\/\/redfasta.edu.ar\/#\/schema\/logo\/image\/","url":"https:\/\/redfasta.edu.ar\/wp-content\/uploads\/2021\/10\/logo-header-bordo.png","contentUrl":"https:\/\/redfasta.edu.ar\/wp-content\/uploads\/2021\/10\/logo-header-bordo.png","width":200,"height":40,"caption":"Red Educativa Fasta"},"image":{"@id":"https:\/\/redfasta.edu.ar\/#\/schema\/logo\/image\/"},"sameAs":["https:\/\/www.facebook.com\/rededucativafasta","https:\/\/www.instagram.com\/rededucativafasta\/","https:\/\/www.youtube.com\/c\/RedEducativaFasta"]}]}},"_links":{"self":[{"href":"https:\/\/redfasta.edu.ar\/fr\/wp-json\/wp\/v2\/noticias\/369983","targetHints":{"allow":["GET"]}}],"collection":[{"href":"https:\/\/redfasta.edu.ar\/fr\/wp-json\/wp\/v2\/noticias"}],"about":[{"href":"https:\/\/redfasta.edu.ar\/fr\/wp-json\/wp\/v2\/types\/noticias"}],"author":[{"embeddable":true,"href":"https:\/\/redfasta.edu.ar\/fr\/wp-json\/wp\/v2\/users\/30"}],"version-history":[{"count":3,"href":"https:\/\/redfasta.edu.ar\/fr\/wp-json\/wp\/v2\/noticias\/369983\/revisions"}],"predecessor-version":[{"id":369988,"href":"https:\/\/redfasta.edu.ar\/fr\/wp-json\/wp\/v2\/noticias\/369983\/revisions\/369988"}],"wp:featuredmedia":[{"embeddable":true,"href":"https:\/\/redfasta.edu.ar\/fr\/wp-json\/wp\/v2\/media\/369985"}],"wp:attachment":[{"href":"https:\/\/redfasta.edu.ar\/fr\/wp-json\/wp\/v2\/media?parent=369983"}],"wp:term":[{"taxonomy":"tipo","embeddable":true,"href":"https:\/\/redfasta.edu.ar\/fr\/wp-json\/wp\/v2\/tipo?post=369983"},{"taxonomy":"categoria","embeddable":true,"href":"https:\/\/redfasta.edu.ar\/fr\/wp-json\/wp\/v2\/categoria?post=369983"},{"taxonomy":"fuente","embeddable":true,"href":"https:\/\/redfasta.edu.ar\/fr\/wp-json\/wp\/v2\/fuente?post=369983"},{"taxonomy":"origen","embeddable":true,"href":"https:\/\/redfasta.edu.ar\/fr\/wp-json\/wp\/v2\/origen?post=369983"}],"curies":[{"name":"wp","href":"https:\/\/api.w.org\/{rel}","templated":true}]}}