{"id":370102,"date":"2023-11-17T09:34:00","date_gmt":"2023-11-17T12:34:00","guid":{"rendered":"https:\/\/redfasta.edu.ar\/?post_type=noticias&#038;p=370102"},"modified":"2023-11-29T16:58:51","modified_gmt":"2023-11-29T19:58:51","slug":"comunidades-de-aprendizaje","status":"publish","type":"noticias","link":"https:\/\/redfasta.edu.ar\/fr\/noticias\/comunidades-de-aprendizaje\/","title":{"rendered":"Comunidades de aprendizaje"},"content":{"rendered":"\n<p>Desde la creaci\u00f3n de los cargos de coordinaci\u00f3n de niveles en el a\u00f1o 2022 en la Red Educativa, poco a poco se fueron gestando diferentes acciones que se suman a las que ya se ven\u00edan realizando desde las diferentes \u00e1reas,&nbsp; con el objetivo de acercarnos a\u00fan m\u00e1s a las particularidades de cada nivel.&nbsp;&nbsp;<\/p>\n\n\n\n<p>Luego de recoger necesidades y sugerencias de directivos, surgen en el a\u00f1o 2023 las <strong><em>\u201cComunidades de Aprendizaje\u201d,<\/em><\/strong> dirigidas a los <em>equipos de Gesti\u00f3n de Nivel Inicial de la Red.<\/em>&nbsp;<\/p>\n\n\n\n<p>El objetivo de las mismas es formar equipos de trabajo y reflexi\u00f3n sobre algunas tem\u00e1ticas necesarias para profundizar dado que interpelan nuestra tarea diaria en la gesti\u00f3n del Nivel Inicial. Queremos brindarle al directivo espacios en donde pueda adquirir herramientas para poder desplegar su capacidad de liderazgo pedag\u00f3gico de una manera cada vez m\u00e1s efectiva, pudiendo concretar el proyecto educativo de Fasta en el Nivel.&nbsp;&nbsp;<\/p>\n\n\n\n<p>Se formaron tres Comunidades: la comunidad de planificaciones en clave Fecien, la comunidad de Metodolog\u00edas Efectivas del Aprendizaje y&nbsp; la de Alfabetizaci\u00f3n Inicial. Cada directora puede participar en una o dos de ellas de acuerdo a sus intereses.&nbsp;<\/p>\n\n\n\n<p>En cada encuentro fuimos haciendo recorridos de lectura sobre diferentes autores,&nbsp; reflexionando sobre&nbsp; pr\u00e1cticas en nuestros colegios, analizando los caminos a seguir como Red frente a estas tem\u00e1ticas. A su vez, contamos en cada encuentro con la orientaci\u00f3n permanente de las especialistas en estas \u00e1reas: Lic. Carolina Hourcade, Mag. Marina Chiandoni, Lic. Elizabeth Apud y Prof. Sandra Barba.&nbsp;<\/p>\n\n\n\n<p>Algunas valoraciones que nos han hecho llegar son:<\/p>\n\n\n\n<p>\u201c<em>Se especificaron muchos conceptos que no estaban claros para el directivo<\/em>\u201d<\/p>\n\n\n\n<p>\u201c<em>Me motiva el poder leer material entre todas\u201d<\/em>&nbsp;&nbsp;&nbsp;<\/p>\n\n\n\n<p>\u201c<em>Nos da el norte\u201d <\/em>&nbsp;&nbsp;&nbsp;<\/p>\n\n\n\n<p><em>\u201cHacemos mucho en el jard\u00edn de lo aportado en las Comunidades<\/em>\u201d<\/p>\n\n\n\n<p>&nbsp;Para el a\u00f1o 2024 seguiremos apostando a estos encuentros, pero con&nbsp; objetivos de mayor envergadura, como ser, el poder&nbsp; elaborar&nbsp; insumos para nuestra tarea de gesti\u00f3n propia para&nbsp; el Nivel Inicial.<\/p>\n\n\n\n<div class=\"wp-block-group is-vertical is-layout-flex wp-container-core-group-is-layout-fe9cc265 wp-block-group-is-layout-flex\">\n<p>Lic. Ver\u00f3nica Rambaldi<\/p>\n\n\n\n<p>Directora de Nivel Inicial del colegio Fasta Inmaculada Concepci\u00f3n<\/p>\n<\/div>\n","protected":false},"author":2,"featured_media":370104,"template":"","tipo":[55],"categoria":[41],"fuente":[],"origen":[78],"class_list":["post-370102","noticias","type-noticias","status-publish","has-post-thumbnail","hentry","tipo-con-imagen","origen-propia"],"acf":[],"yoast_head":"<!-- This site is optimized with the Yoast SEO Premium plugin v20.1 (Yoast SEO v27.3) - https:\/\/yoast.com\/product\/yoast-seo-premium-wordpress\/ -->\n<title>Comunidades de aprendizaje<\/title>\n<meta name=\"description\" content=\"Equipos de Gesti\u00f3n de Nivel Inicial de la Red Educativa Fasta.\u00a0Liderazgo pedag\u00f3gico. FeCien, Metodolog\u00edas Efectivas. Alfabetizaci\u00f3n Inicial.\" \/>\n<meta name=\"robots\" content=\"index, follow, max-snippet:-1, max-image-preview:large, max-video-preview:-1\" \/>\n<link rel=\"canonical\" href=\"https:\/\/redfasta.edu.ar\/noticias\/comunidades-de-aprendizaje\/\" \/>\n<meta property=\"og:locale\" content=\"fr_FR\" \/>\n<meta property=\"og:type\" content=\"article\" \/>\n<meta property=\"og:title\" content=\"Comunidades de aprendizaje\" \/>\n<meta property=\"og:description\" content=\"Equipos de Gesti\u00f3n de Nivel Inicial de la Red Educativa Fasta.\u00a0Liderazgo pedag\u00f3gico. FeCien, Metodolog\u00edas Efectivas. Alfabetizaci\u00f3n Inicial.\" \/>\n<meta property=\"og:url\" content=\"https:\/\/redfasta.edu.ar\/noticias\/comunidades-de-aprendizaje\/\" \/>\n<meta property=\"og:site_name\" content=\"Red Educativa Fasta\" \/>\n<meta property=\"article:publisher\" content=\"https:\/\/www.facebook.com\/rededucativafasta\" \/>\n<meta property=\"article:modified_time\" content=\"2023-11-29T19:58:51+00:00\" \/>\n<meta property=\"og:image\" content=\"https:\/\/redfasta.edu.ar\/wp-content\/uploads\/2023\/11\/banner-top-CAprendizaje.jpg\" \/>\n\t<meta property=\"og:image:width\" content=\"1400\" \/>\n\t<meta property=\"og:image:height\" content=\"500\" \/>\n\t<meta property=\"og:image:type\" content=\"image\/jpeg\" \/>\n<meta name=\"twitter:card\" content=\"summary_large_image\" \/>\n<meta name=\"twitter:label1\" content=\"Dur\u00e9e de lecture estim\u00e9e\" \/>\n\t<meta name=\"twitter:data1\" content=\"2 minutes\" \/>\n<script type=\"application\/ld+json\" class=\"yoast-schema-graph\">{\"@context\":\"https:\\\/\\\/schema.org\",\"@graph\":[{\"@type\":\"WebPage\",\"@id\":\"https:\\\/\\\/redfasta.edu.ar\\\/noticias\\\/comunidades-de-aprendizaje\\\/\",\"url\":\"https:\\\/\\\/redfasta.edu.ar\\\/noticias\\\/comunidades-de-aprendizaje\\\/\",\"name\":\"Comunidades de aprendizaje\",\"isPartOf\":{\"@id\":\"https:\\\/\\\/redfasta.edu.ar\\\/#website\"},\"primaryImageOfPage\":{\"@id\":\"https:\\\/\\\/redfasta.edu.ar\\\/noticias\\\/comunidades-de-aprendizaje\\\/#primaryimage\"},\"image\":{\"@id\":\"https:\\\/\\\/redfasta.edu.ar\\\/noticias\\\/comunidades-de-aprendizaje\\\/#primaryimage\"},\"thumbnailUrl\":\"https:\\\/\\\/redfasta.edu.ar\\\/wp-content\\\/uploads\\\/2023\\\/11\\\/banner-top-CAprendizaje.jpg\",\"datePublished\":\"2023-11-17T12:34:00+00:00\",\"dateModified\":\"2023-11-29T19:58:51+00:00\",\"description\":\"Equipos de Gesti\u00f3n de Nivel Inicial de la Red Educativa Fasta.\u00a0Liderazgo pedag\u00f3gico. FeCien, Metodolog\u00edas Efectivas. Alfabetizaci\u00f3n Inicial.\",\"breadcrumb\":{\"@id\":\"https:\\\/\\\/redfasta.edu.ar\\\/noticias\\\/comunidades-de-aprendizaje\\\/#breadcrumb\"},\"inLanguage\":\"fr-FR\",\"potentialAction\":[{\"@type\":\"ReadAction\",\"target\":[\"https:\\\/\\\/redfasta.edu.ar\\\/noticias\\\/comunidades-de-aprendizaje\\\/\"]}]},{\"@type\":\"ImageObject\",\"inLanguage\":\"fr-FR\",\"@id\":\"https:\\\/\\\/redfasta.edu.ar\\\/noticias\\\/comunidades-de-aprendizaje\\\/#primaryimage\",\"url\":\"https:\\\/\\\/redfasta.edu.ar\\\/wp-content\\\/uploads\\\/2023\\\/11\\\/banner-top-CAprendizaje.jpg\",\"contentUrl\":\"https:\\\/\\\/redfasta.edu.ar\\\/wp-content\\\/uploads\\\/2023\\\/11\\\/banner-top-CAprendizaje.jpg\",\"width\":1400,\"height\":500},{\"@type\":\"BreadcrumbList\",\"@id\":\"https:\\\/\\\/redfasta.edu.ar\\\/noticias\\\/comunidades-de-aprendizaje\\\/#breadcrumb\",\"itemListElement\":[{\"@type\":\"ListItem\",\"position\":1,\"name\":\"Inicio\",\"item\":\"https:\\\/\\\/redfasta.edu.ar\\\/\"},{\"@type\":\"ListItem\",\"position\":2,\"name\":\"Noticias\",\"item\":\"https:\\\/\\\/redfasta.edu.ar\\\/noticias\\\/\"},{\"@type\":\"ListItem\",\"position\":3,\"name\":\"Comunidades de aprendizaje\"}]},{\"@type\":\"WebSite\",\"@id\":\"https:\\\/\\\/redfasta.edu.ar\\\/#website\",\"url\":\"https:\\\/\\\/redfasta.edu.ar\\\/\",\"name\":\"Red Educativa Fasta\",\"description\":\"Educamos en la Verdad y el Bien\",\"publisher\":{\"@id\":\"https:\\\/\\\/redfasta.edu.ar\\\/#organization\"},\"potentialAction\":[{\"@type\":\"SearchAction\",\"target\":{\"@type\":\"EntryPoint\",\"urlTemplate\":\"https:\\\/\\\/redfasta.edu.ar\\\/?s={search_term_string}\"},\"query-input\":{\"@type\":\"PropertyValueSpecification\",\"valueRequired\":true,\"valueName\":\"search_term_string\"}}],\"inLanguage\":\"fr-FR\"},{\"@type\":\"Organization\",\"@id\":\"https:\\\/\\\/redfasta.edu.ar\\\/#organization\",\"name\":\"Red Educativa Fasta\",\"url\":\"https:\\\/\\\/redfasta.edu.ar\\\/\",\"logo\":{\"@type\":\"ImageObject\",\"inLanguage\":\"fr-FR\",\"@id\":\"https:\\\/\\\/redfasta.edu.ar\\\/#\\\/schema\\\/logo\\\/image\\\/\",\"url\":\"https:\\\/\\\/redfasta.edu.ar\\\/wp-content\\\/uploads\\\/2021\\\/10\\\/logo-header-bordo.png\",\"contentUrl\":\"https:\\\/\\\/redfasta.edu.ar\\\/wp-content\\\/uploads\\\/2021\\\/10\\\/logo-header-bordo.png\",\"width\":200,\"height\":40,\"caption\":\"Red Educativa Fasta\"},\"image\":{\"@id\":\"https:\\\/\\\/redfasta.edu.ar\\\/#\\\/schema\\\/logo\\\/image\\\/\"},\"sameAs\":[\"https:\\\/\\\/www.facebook.com\\\/rededucativafasta\",\"https:\\\/\\\/www.instagram.com\\\/rededucativafasta\\\/\",\"https:\\\/\\\/www.youtube.com\\\/c\\\/RedEducativaFasta\"]}]}<\/script>\n<!-- \/ Yoast SEO Premium plugin. -->","yoast_head_json":{"title":"Comunidades de aprendizaje","description":"Equipos de Gesti\u00f3n de Nivel Inicial de la Red Educativa Fasta.\u00a0Liderazgo pedag\u00f3gico. FeCien, Metodolog\u00edas Efectivas. Alfabetizaci\u00f3n Inicial.","robots":{"index":"index","follow":"follow","max-snippet":"max-snippet:-1","max-image-preview":"max-image-preview:large","max-video-preview":"max-video-preview:-1"},"canonical":"https:\/\/redfasta.edu.ar\/noticias\/comunidades-de-aprendizaje\/","og_locale":"fr_FR","og_type":"article","og_title":"Comunidades de aprendizaje","og_description":"Equipos de Gesti\u00f3n de Nivel Inicial de la Red Educativa Fasta.\u00a0Liderazgo pedag\u00f3gico. FeCien, Metodolog\u00edas Efectivas. Alfabetizaci\u00f3n Inicial.","og_url":"https:\/\/redfasta.edu.ar\/noticias\/comunidades-de-aprendizaje\/","og_site_name":"Red Educativa Fasta","article_publisher":"https:\/\/www.facebook.com\/rededucativafasta","article_modified_time":"2023-11-29T19:58:51+00:00","og_image":[{"width":1400,"height":500,"url":"https:\/\/redfasta.edu.ar\/wp-content\/uploads\/2023\/11\/banner-top-CAprendizaje.jpg","type":"image\/jpeg"}],"twitter_card":"summary_large_image","twitter_misc":{"Dur\u00e9e de lecture estim\u00e9e":"2 minutes"},"schema":{"@context":"https:\/\/schema.org","@graph":[{"@type":"WebPage","@id":"https:\/\/redfasta.edu.ar\/noticias\/comunidades-de-aprendizaje\/","url":"https:\/\/redfasta.edu.ar\/noticias\/comunidades-de-aprendizaje\/","name":"Comunidades de aprendizaje","isPartOf":{"@id":"https:\/\/redfasta.edu.ar\/#website"},"primaryImageOfPage":{"@id":"https:\/\/redfasta.edu.ar\/noticias\/comunidades-de-aprendizaje\/#primaryimage"},"image":{"@id":"https:\/\/redfasta.edu.ar\/noticias\/comunidades-de-aprendizaje\/#primaryimage"},"thumbnailUrl":"https:\/\/redfasta.edu.ar\/wp-content\/uploads\/2023\/11\/banner-top-CAprendizaje.jpg","datePublished":"2023-11-17T12:34:00+00:00","dateModified":"2023-11-29T19:58:51+00:00","description":"Equipos de Gesti\u00f3n de Nivel Inicial de la Red Educativa Fasta.\u00a0Liderazgo pedag\u00f3gico. FeCien, Metodolog\u00edas Efectivas. Alfabetizaci\u00f3n Inicial.","breadcrumb":{"@id":"https:\/\/redfasta.edu.ar\/noticias\/comunidades-de-aprendizaje\/#breadcrumb"},"inLanguage":"fr-FR","potentialAction":[{"@type":"ReadAction","target":["https:\/\/redfasta.edu.ar\/noticias\/comunidades-de-aprendizaje\/"]}]},{"@type":"ImageObject","inLanguage":"fr-FR","@id":"https:\/\/redfasta.edu.ar\/noticias\/comunidades-de-aprendizaje\/#primaryimage","url":"https:\/\/redfasta.edu.ar\/wp-content\/uploads\/2023\/11\/banner-top-CAprendizaje.jpg","contentUrl":"https:\/\/redfasta.edu.ar\/wp-content\/uploads\/2023\/11\/banner-top-CAprendizaje.jpg","width":1400,"height":500},{"@type":"BreadcrumbList","@id":"https:\/\/redfasta.edu.ar\/noticias\/comunidades-de-aprendizaje\/#breadcrumb","itemListElement":[{"@type":"ListItem","position":1,"name":"Inicio","item":"https:\/\/redfasta.edu.ar\/"},{"@type":"ListItem","position":2,"name":"Noticias","item":"https:\/\/redfasta.edu.ar\/noticias\/"},{"@type":"ListItem","position":3,"name":"Comunidades de aprendizaje"}]},{"@type":"WebSite","@id":"https:\/\/redfasta.edu.ar\/#website","url":"https:\/\/redfasta.edu.ar\/","name":"Red Educativa Fasta","description":"Educamos en la Verdad y el Bien","publisher":{"@id":"https:\/\/redfasta.edu.ar\/#organization"},"potentialAction":[{"@type":"SearchAction","target":{"@type":"EntryPoint","urlTemplate":"https:\/\/redfasta.edu.ar\/?s={search_term_string}"},"query-input":{"@type":"PropertyValueSpecification","valueRequired":true,"valueName":"search_term_string"}}],"inLanguage":"fr-FR"},{"@type":"Organization","@id":"https:\/\/redfasta.edu.ar\/#organization","name":"Red Educativa Fasta","url":"https:\/\/redfasta.edu.ar\/","logo":{"@type":"ImageObject","inLanguage":"fr-FR","@id":"https:\/\/redfasta.edu.ar\/#\/schema\/logo\/image\/","url":"https:\/\/redfasta.edu.ar\/wp-content\/uploads\/2021\/10\/logo-header-bordo.png","contentUrl":"https:\/\/redfasta.edu.ar\/wp-content\/uploads\/2021\/10\/logo-header-bordo.png","width":200,"height":40,"caption":"Red Educativa Fasta"},"image":{"@id":"https:\/\/redfasta.edu.ar\/#\/schema\/logo\/image\/"},"sameAs":["https:\/\/www.facebook.com\/rededucativafasta","https:\/\/www.instagram.com\/rededucativafasta\/","https:\/\/www.youtube.com\/c\/RedEducativaFasta"]}]}},"_links":{"self":[{"href":"https:\/\/redfasta.edu.ar\/fr\/wp-json\/wp\/v2\/noticias\/370102","targetHints":{"allow":["GET"]}}],"collection":[{"href":"https:\/\/redfasta.edu.ar\/fr\/wp-json\/wp\/v2\/noticias"}],"about":[{"href":"https:\/\/redfasta.edu.ar\/fr\/wp-json\/wp\/v2\/types\/noticias"}],"author":[{"embeddable":true,"href":"https:\/\/redfasta.edu.ar\/fr\/wp-json\/wp\/v2\/users\/2"}],"version-history":[{"count":4,"href":"https:\/\/redfasta.edu.ar\/fr\/wp-json\/wp\/v2\/noticias\/370102\/revisions"}],"predecessor-version":[{"id":370109,"href":"https:\/\/redfasta.edu.ar\/fr\/wp-json\/wp\/v2\/noticias\/370102\/revisions\/370109"}],"wp:featuredmedia":[{"embeddable":true,"href":"https:\/\/redfasta.edu.ar\/fr\/wp-json\/wp\/v2\/media\/370104"}],"wp:attachment":[{"href":"https:\/\/redfasta.edu.ar\/fr\/wp-json\/wp\/v2\/media?parent=370102"}],"wp:term":[{"taxonomy":"tipo","embeddable":true,"href":"https:\/\/redfasta.edu.ar\/fr\/wp-json\/wp\/v2\/tipo?post=370102"},{"taxonomy":"categoria","embeddable":true,"href":"https:\/\/redfasta.edu.ar\/fr\/wp-json\/wp\/v2\/categoria?post=370102"},{"taxonomy":"fuente","embeddable":true,"href":"https:\/\/redfasta.edu.ar\/fr\/wp-json\/wp\/v2\/fuente?post=370102"},{"taxonomy":"origen","embeddable":true,"href":"https:\/\/redfasta.edu.ar\/fr\/wp-json\/wp\/v2\/origen?post=370102"}],"curies":[{"name":"wp","href":"https:\/\/api.w.org\/{rel}","templated":true}]}}