{"id":8017,"date":"2022-04-07T16:03:37","date_gmt":"2022-04-07T19:03:37","guid":{"rendered":"https:\/\/redfasta.edu.ar\/?post_type=noticias&#038;p=8017"},"modified":"2023-08-16T10:37:40","modified_gmt":"2023-08-16T13:37:40","slug":"reliquia-de-carlo-acutis-en-colegio-fasta-de-valencia","status":"publish","type":"noticias","link":"https:\/\/redfasta.edu.ar\/fr\/noticias\/reliquia-de-carlo-acutis-en-colegio-fasta-de-valencia\/","title":{"rendered":"Reliquia de Carlo Acutis en colegio Fasta de Valencia"},"content":{"rendered":"\n<p>Con una Santa Misa que fue presidida por el Obispo Auxiliar de Valencia, Mons. Arturo Ros y ante m\u00e1s de 700 personas fue entronizada la reliquia del joven beato Carlo Acutis en el colegio Fasta Madre Sacramento.<\/p>\n\n\n\n<p>En la homil\u00eda el Obispo resalt\u00f3 \u201c\u201cAmaos unos a otros como Yo os he amado. Esta petici\u00f3n de Dios la entendi\u00f3 perfectamente el joven -ahora beato- Carlo Acutis. Ver\u00e9is\u2026 Jes\u00fas era feliz con sus amigos, los disc\u00edpulos. \u00c9l dio la vida por ellos. Carlo fue muy feliz siendo amigo de Jes\u00fas. Entonces, \u00bfquieres ser feliz? \u00a1Pues haz como Carlo, s\u00e9 amigo de Jes\u00fas! As\u00ed de f\u00e1cil.\u201d Y a\u00f1adi\u00f3: \u201c\u00bfD\u00f3nde puedes conseguir esta felicidad? \u00a1En la Eucarist\u00eda! Porque all\u00ed nos alimentamos de Jes\u00fas, no nos sentimos solos, estamos de su mano. All\u00ed la amistad crece.\u201d<\/p>\n\n\n\n<p>Desde la Red Educativa Fasta, la Directora General, Lic. Silvina Marlia expres\u00f3 \u201ccontar con la presencia de Carlo Acutis en las capillas de nuestros colegios es realmente una bendici\u00f3n. El \u201cciberap\u00f3stol de la Eucarist\u00eda\u201d, como tambi\u00e9n se lo conoce, es un ejemplo de santidad cercana para nuestros alumnos. Adem\u00e1s, agreg\u00f3 \u201cla vida de Acutis, su forma de transmitir la fe y la contemporaneidad con nuestro tiempo genera en los j\u00f3venes cierto atractivo ya que les permite ver que todos estamos llamados a ser santos y que no es necesario hacer cosas extraordinarias para ello\u201d.<\/p>\n\n\n\n<p>En la celebraci\u00f3n de entronizaci\u00f3n estuvieron presentes las autoridades locales -sr. alcalde, don Jes\u00fas Ros, concejales y varios grupos pol\u00edticos-, una docena de sacerdotes que concelebraron la santa misa, el presidente de Fasta en Valencia don Juan Jos\u00e9 Cerro, familias y antiguos alumnos, directores y alumnos de otros centros educativos, equipo directivo, claustro de profesores, personal del centro y unos seiscientos alumnos de entre 10 y 20 a\u00f1os de todos los niveles educativos del CEFMS.<\/p>\n\n\n\n<p>Con esta, es la segunda reliquia que Fasta custodia del joven millenial. La primera est\u00e1 ubicada en el Colegio Fasta Villa Eucar\u00edstica en C\u00f3rdoba, Argentina. A su vez, el joven que nos muestra una santidad en \u201cjean y zapatillas\u201d fue nombrado \u201cPatrono del Apostolado Juvenil de Fasta\u201d.<\/p>\n","protected":false},"author":30,"featured_media":8106,"template":"","tipo":[55],"categoria":[41],"fuente":[],"origen":[78],"class_list":["post-8017","noticias","type-noticias","status-publish","has-post-thumbnail","hentry","tipo-con-imagen","origen-propia"],"acf":[],"yoast_head":"<!-- This site is optimized with the Yoast SEO Premium plugin v20.1 (Yoast SEO v27.3) - https:\/\/yoast.com\/product\/yoast-seo-premium-wordpress\/ -->\n<title>Reliquia de Carlo Acutis en colegio Fasta de Valencia<\/title>\n<meta name=\"description\" content=\"Colegio Fasta de Valencia custodia reliquia de Carlo Acutis, Red Fasta, Silvina Marlia, Beato, CEFMS, Colegio Fasta Villa Eucar\u00edstica\" \/>\n<meta name=\"robots\" content=\"index, follow, max-snippet:-1, max-image-preview:large, max-video-preview:-1\" \/>\n<link rel=\"canonical\" href=\"https:\/\/redfasta.edu.ar\/noticias\/reliquia-de-carlo-acutis-en-colegio-fasta-de-valencia\/\" \/>\n<meta property=\"og:locale\" content=\"fr_FR\" \/>\n<meta property=\"og:type\" content=\"article\" \/>\n<meta property=\"og:title\" content=\"Reliquia de Carlo Acutis en colegio Fasta de Valencia\" \/>\n<meta property=\"og:description\" content=\"Colegio Fasta de Valencia custodia reliquia de Carlo Acutis, Red Fasta, Silvina Marlia, Beato, CEFMS, Colegio Fasta Villa Eucar\u00edstica\" \/>\n<meta property=\"og:url\" content=\"https:\/\/redfasta.edu.ar\/noticias\/reliquia-de-carlo-acutis-en-colegio-fasta-de-valencia\/\" \/>\n<meta property=\"og:site_name\" content=\"Red Educativa Fasta\" \/>\n<meta property=\"article:publisher\" content=\"https:\/\/www.facebook.com\/rededucativafasta\" \/>\n<meta property=\"article:modified_time\" content=\"2023-08-16T13:37:40+00:00\" \/>\n<meta property=\"og:image\" content=\"https:\/\/redfasta.edu.ar\/wp-content\/uploads\/2022\/04\/carlo-nota.jpg\" \/>\n\t<meta property=\"og:image:width\" content=\"1400\" \/>\n\t<meta property=\"og:image:height\" content=\"500\" \/>\n\t<meta property=\"og:image:type\" content=\"image\/jpeg\" \/>\n<meta name=\"twitter:card\" content=\"summary_large_image\" \/>\n<meta name=\"twitter:label1\" content=\"Dur\u00e9e de lecture estim\u00e9e\" \/>\n\t<meta name=\"twitter:data1\" content=\"2 minutes\" \/>\n<script type=\"application\/ld+json\" class=\"yoast-schema-graph\">{\"@context\":\"https:\\\/\\\/schema.org\",\"@graph\":[{\"@type\":\"WebPage\",\"@id\":\"https:\\\/\\\/redfasta.edu.ar\\\/noticias\\\/reliquia-de-carlo-acutis-en-colegio-fasta-de-valencia\\\/\",\"url\":\"https:\\\/\\\/redfasta.edu.ar\\\/noticias\\\/reliquia-de-carlo-acutis-en-colegio-fasta-de-valencia\\\/\",\"name\":\"Reliquia de Carlo Acutis en colegio Fasta de Valencia\",\"isPartOf\":{\"@id\":\"https:\\\/\\\/redfasta.edu.ar\\\/#website\"},\"primaryImageOfPage\":{\"@id\":\"https:\\\/\\\/redfasta.edu.ar\\\/noticias\\\/reliquia-de-carlo-acutis-en-colegio-fasta-de-valencia\\\/#primaryimage\"},\"image\":{\"@id\":\"https:\\\/\\\/redfasta.edu.ar\\\/noticias\\\/reliquia-de-carlo-acutis-en-colegio-fasta-de-valencia\\\/#primaryimage\"},\"thumbnailUrl\":\"https:\\\/\\\/redfasta.edu.ar\\\/wp-content\\\/uploads\\\/2022\\\/04\\\/carlo-nota.jpg\",\"datePublished\":\"2022-04-07T19:03:37+00:00\",\"dateModified\":\"2023-08-16T13:37:40+00:00\",\"description\":\"Colegio Fasta de Valencia custodia reliquia de Carlo Acutis, Red Fasta, Silvina Marlia, Beato, CEFMS, Colegio Fasta Villa Eucar\u00edstica\",\"breadcrumb\":{\"@id\":\"https:\\\/\\\/redfasta.edu.ar\\\/noticias\\\/reliquia-de-carlo-acutis-en-colegio-fasta-de-valencia\\\/#breadcrumb\"},\"inLanguage\":\"fr-FR\",\"potentialAction\":[{\"@type\":\"ReadAction\",\"target\":[\"https:\\\/\\\/redfasta.edu.ar\\\/noticias\\\/reliquia-de-carlo-acutis-en-colegio-fasta-de-valencia\\\/\"]}]},{\"@type\":\"ImageObject\",\"inLanguage\":\"fr-FR\",\"@id\":\"https:\\\/\\\/redfasta.edu.ar\\\/noticias\\\/reliquia-de-carlo-acutis-en-colegio-fasta-de-valencia\\\/#primaryimage\",\"url\":\"https:\\\/\\\/redfasta.edu.ar\\\/wp-content\\\/uploads\\\/2022\\\/04\\\/carlo-nota.jpg\",\"contentUrl\":\"https:\\\/\\\/redfasta.edu.ar\\\/wp-content\\\/uploads\\\/2022\\\/04\\\/carlo-nota.jpg\",\"width\":1400,\"height\":500,\"caption\":\"reliquia carlo acutis\"},{\"@type\":\"BreadcrumbList\",\"@id\":\"https:\\\/\\\/redfasta.edu.ar\\\/noticias\\\/reliquia-de-carlo-acutis-en-colegio-fasta-de-valencia\\\/#breadcrumb\",\"itemListElement\":[{\"@type\":\"ListItem\",\"position\":1,\"name\":\"Inicio\",\"item\":\"https:\\\/\\\/redfasta.edu.ar\\\/\"},{\"@type\":\"ListItem\",\"position\":2,\"name\":\"Noticias\",\"item\":\"https:\\\/\\\/redfasta.edu.ar\\\/noticias\\\/\"},{\"@type\":\"ListItem\",\"position\":3,\"name\":\"Reliquia de Carlo Acutis en colegio Fasta de Valencia\"}]},{\"@type\":\"WebSite\",\"@id\":\"https:\\\/\\\/redfasta.edu.ar\\\/#website\",\"url\":\"https:\\\/\\\/redfasta.edu.ar\\\/\",\"name\":\"Red Educativa Fasta\",\"description\":\"Educamos en la Verdad y el Bien\",\"publisher\":{\"@id\":\"https:\\\/\\\/redfasta.edu.ar\\\/#organization\"},\"potentialAction\":[{\"@type\":\"SearchAction\",\"target\":{\"@type\":\"EntryPoint\",\"urlTemplate\":\"https:\\\/\\\/redfasta.edu.ar\\\/?s={search_term_string}\"},\"query-input\":{\"@type\":\"PropertyValueSpecification\",\"valueRequired\":true,\"valueName\":\"search_term_string\"}}],\"inLanguage\":\"fr-FR\"},{\"@type\":\"Organization\",\"@id\":\"https:\\\/\\\/redfasta.edu.ar\\\/#organization\",\"name\":\"Red Educativa Fasta\",\"url\":\"https:\\\/\\\/redfasta.edu.ar\\\/\",\"logo\":{\"@type\":\"ImageObject\",\"inLanguage\":\"fr-FR\",\"@id\":\"https:\\\/\\\/redfasta.edu.ar\\\/#\\\/schema\\\/logo\\\/image\\\/\",\"url\":\"https:\\\/\\\/redfasta.edu.ar\\\/wp-content\\\/uploads\\\/2021\\\/10\\\/logo-header-bordo.png\",\"contentUrl\":\"https:\\\/\\\/redfasta.edu.ar\\\/wp-content\\\/uploads\\\/2021\\\/10\\\/logo-header-bordo.png\",\"width\":200,\"height\":40,\"caption\":\"Red Educativa Fasta\"},\"image\":{\"@id\":\"https:\\\/\\\/redfasta.edu.ar\\\/#\\\/schema\\\/logo\\\/image\\\/\"},\"sameAs\":[\"https:\\\/\\\/www.facebook.com\\\/rededucativafasta\",\"https:\\\/\\\/www.instagram.com\\\/rededucativafasta\\\/\",\"https:\\\/\\\/www.youtube.com\\\/c\\\/RedEducativaFasta\"]}]}<\/script>\n<!-- \/ Yoast SEO Premium plugin. -->","yoast_head_json":{"title":"Reliquia de Carlo Acutis en colegio Fasta de Valencia","description":"Colegio Fasta de Valencia custodia reliquia de Carlo Acutis, Red Fasta, Silvina Marlia, Beato, CEFMS, Colegio Fasta Villa Eucar\u00edstica","robots":{"index":"index","follow":"follow","max-snippet":"max-snippet:-1","max-image-preview":"max-image-preview:large","max-video-preview":"max-video-preview:-1"},"canonical":"https:\/\/redfasta.edu.ar\/noticias\/reliquia-de-carlo-acutis-en-colegio-fasta-de-valencia\/","og_locale":"fr_FR","og_type":"article","og_title":"Reliquia de Carlo Acutis en colegio Fasta de Valencia","og_description":"Colegio Fasta de Valencia custodia reliquia de Carlo Acutis, Red Fasta, Silvina Marlia, Beato, CEFMS, Colegio Fasta Villa Eucar\u00edstica","og_url":"https:\/\/redfasta.edu.ar\/noticias\/reliquia-de-carlo-acutis-en-colegio-fasta-de-valencia\/","og_site_name":"Red Educativa Fasta","article_publisher":"https:\/\/www.facebook.com\/rededucativafasta","article_modified_time":"2023-08-16T13:37:40+00:00","og_image":[{"width":1400,"height":500,"url":"https:\/\/redfasta.edu.ar\/wp-content\/uploads\/2022\/04\/carlo-nota.jpg","type":"image\/jpeg"}],"twitter_card":"summary_large_image","twitter_misc":{"Dur\u00e9e de lecture estim\u00e9e":"2 minutes"},"schema":{"@context":"https:\/\/schema.org","@graph":[{"@type":"WebPage","@id":"https:\/\/redfasta.edu.ar\/noticias\/reliquia-de-carlo-acutis-en-colegio-fasta-de-valencia\/","url":"https:\/\/redfasta.edu.ar\/noticias\/reliquia-de-carlo-acutis-en-colegio-fasta-de-valencia\/","name":"Reliquia de Carlo Acutis en colegio Fasta de Valencia","isPartOf":{"@id":"https:\/\/redfasta.edu.ar\/#website"},"primaryImageOfPage":{"@id":"https:\/\/redfasta.edu.ar\/noticias\/reliquia-de-carlo-acutis-en-colegio-fasta-de-valencia\/#primaryimage"},"image":{"@id":"https:\/\/redfasta.edu.ar\/noticias\/reliquia-de-carlo-acutis-en-colegio-fasta-de-valencia\/#primaryimage"},"thumbnailUrl":"https:\/\/redfasta.edu.ar\/wp-content\/uploads\/2022\/04\/carlo-nota.jpg","datePublished":"2022-04-07T19:03:37+00:00","dateModified":"2023-08-16T13:37:40+00:00","description":"Colegio Fasta de Valencia custodia reliquia de Carlo Acutis, Red Fasta, Silvina Marlia, Beato, CEFMS, Colegio Fasta Villa Eucar\u00edstica","breadcrumb":{"@id":"https:\/\/redfasta.edu.ar\/noticias\/reliquia-de-carlo-acutis-en-colegio-fasta-de-valencia\/#breadcrumb"},"inLanguage":"fr-FR","potentialAction":[{"@type":"ReadAction","target":["https:\/\/redfasta.edu.ar\/noticias\/reliquia-de-carlo-acutis-en-colegio-fasta-de-valencia\/"]}]},{"@type":"ImageObject","inLanguage":"fr-FR","@id":"https:\/\/redfasta.edu.ar\/noticias\/reliquia-de-carlo-acutis-en-colegio-fasta-de-valencia\/#primaryimage","url":"https:\/\/redfasta.edu.ar\/wp-content\/uploads\/2022\/04\/carlo-nota.jpg","contentUrl":"https:\/\/redfasta.edu.ar\/wp-content\/uploads\/2022\/04\/carlo-nota.jpg","width":1400,"height":500,"caption":"reliquia carlo acutis"},{"@type":"BreadcrumbList","@id":"https:\/\/redfasta.edu.ar\/noticias\/reliquia-de-carlo-acutis-en-colegio-fasta-de-valencia\/#breadcrumb","itemListElement":[{"@type":"ListItem","position":1,"name":"Inicio","item":"https:\/\/redfasta.edu.ar\/"},{"@type":"ListItem","position":2,"name":"Noticias","item":"https:\/\/redfasta.edu.ar\/noticias\/"},{"@type":"ListItem","position":3,"name":"Reliquia de Carlo Acutis en colegio Fasta de Valencia"}]},{"@type":"WebSite","@id":"https:\/\/redfasta.edu.ar\/#website","url":"https:\/\/redfasta.edu.ar\/","name":"Red Educativa Fasta","description":"Educamos en la Verdad y el Bien","publisher":{"@id":"https:\/\/redfasta.edu.ar\/#organization"},"potentialAction":[{"@type":"SearchAction","target":{"@type":"EntryPoint","urlTemplate":"https:\/\/redfasta.edu.ar\/?s={search_term_string}"},"query-input":{"@type":"PropertyValueSpecification","valueRequired":true,"valueName":"search_term_string"}}],"inLanguage":"fr-FR"},{"@type":"Organization","@id":"https:\/\/redfasta.edu.ar\/#organization","name":"Red Educativa Fasta","url":"https:\/\/redfasta.edu.ar\/","logo":{"@type":"ImageObject","inLanguage":"fr-FR","@id":"https:\/\/redfasta.edu.ar\/#\/schema\/logo\/image\/","url":"https:\/\/redfasta.edu.ar\/wp-content\/uploads\/2021\/10\/logo-header-bordo.png","contentUrl":"https:\/\/redfasta.edu.ar\/wp-content\/uploads\/2021\/10\/logo-header-bordo.png","width":200,"height":40,"caption":"Red Educativa Fasta"},"image":{"@id":"https:\/\/redfasta.edu.ar\/#\/schema\/logo\/image\/"},"sameAs":["https:\/\/www.facebook.com\/rededucativafasta","https:\/\/www.instagram.com\/rededucativafasta\/","https:\/\/www.youtube.com\/c\/RedEducativaFasta"]}]}},"_links":{"self":[{"href":"https:\/\/redfasta.edu.ar\/fr\/wp-json\/wp\/v2\/noticias\/8017","targetHints":{"allow":["GET"]}}],"collection":[{"href":"https:\/\/redfasta.edu.ar\/fr\/wp-json\/wp\/v2\/noticias"}],"about":[{"href":"https:\/\/redfasta.edu.ar\/fr\/wp-json\/wp\/v2\/types\/noticias"}],"author":[{"embeddable":true,"href":"https:\/\/redfasta.edu.ar\/fr\/wp-json\/wp\/v2\/users\/30"}],"version-history":[{"count":4,"href":"https:\/\/redfasta.edu.ar\/fr\/wp-json\/wp\/v2\/noticias\/8017\/revisions"}],"predecessor-version":[{"id":369121,"href":"https:\/\/redfasta.edu.ar\/fr\/wp-json\/wp\/v2\/noticias\/8017\/revisions\/369121"}],"wp:featuredmedia":[{"embeddable":true,"href":"https:\/\/redfasta.edu.ar\/fr\/wp-json\/wp\/v2\/media\/8106"}],"wp:attachment":[{"href":"https:\/\/redfasta.edu.ar\/fr\/wp-json\/wp\/v2\/media?parent=8017"}],"wp:term":[{"taxonomy":"tipo","embeddable":true,"href":"https:\/\/redfasta.edu.ar\/fr\/wp-json\/wp\/v2\/tipo?post=8017"},{"taxonomy":"categoria","embeddable":true,"href":"https:\/\/redfasta.edu.ar\/fr\/wp-json\/wp\/v2\/categoria?post=8017"},{"taxonomy":"fuente","embeddable":true,"href":"https:\/\/redfasta.edu.ar\/fr\/wp-json\/wp\/v2\/fuente?post=8017"},{"taxonomy":"origen","embeddable":true,"href":"https:\/\/redfasta.edu.ar\/fr\/wp-json\/wp\/v2\/origen?post=8017"}],"curies":[{"name":"wp","href":"https:\/\/api.w.org\/{rel}","templated":true}]}}