{"id":8128,"date":"2022-12-06T11:05:33","date_gmt":"2022-12-06T14:05:33","guid":{"rendered":"https:\/\/redfasta.edu.ar\/?post_type=noticias&#038;p=8128"},"modified":"2023-08-28T11:48:26","modified_gmt":"2023-08-28T14:48:26","slug":"nuestros-alumnos-premiados-en-certamenes","status":"publish","type":"noticias","link":"https:\/\/redfasta.edu.ar\/fr\/noticias\/nuestros-alumnos-premiados-en-certamenes\/","title":{"rendered":"Nuestros alumnos premiados en cert\u00e1menes"},"content":{"rendered":"\n<p>Durante el 2022 los colegios de nuestra Red Educativa compartieron la alegr\u00eda que sus alumnos hayan sido premiados por su desempe\u00f1o en diferentes cert\u00e1menes y competencias.<\/p>\n\n\n\n<h2 class=\"wp-block-heading\" id=\"h-literatura-y-filosofia\"><strong>Literatura y Filosof\u00eda<\/strong><\/h2>\n\n\n\n<p>En el mes de marzo, alumnos del <a href=\"https:\/\/www.facebook.com\/ColegioFastaMadreSacramento\/posts\/686731689654178\">Colegio Fasta Madre Sacramento<\/a> de Valencia representados por Juan Moreno de 3\u00b0 primaria \u201cC\u201d e Iris Prieto de 2\u00b0 primeria \u201cC\u201d fueron premiados en el <strong>concurso \u201cS\u00ed a la vida\u201d<\/strong> organizado por la Arquidi\u00f3cesis de Valencia. Tambi\u00e9n el alumno de primero&nbsp; bachiller de Humanidades, Pedro Pons, ha sido el protagonista de un reconocimiento por parte de la Delegaci\u00f3n Militar de Valencia por su participaci\u00f3n en el <strong>concurso literario \u201cCarta a un militar\u201d<\/strong>.<\/p>\n\n\n\n<p>Por otro lado, la alumna Mikaela Bel\u00e9n Medina y Joaqu\u00edn Felipe Calder\u00f3n del Colegio Fasta San Vicente de Pa\u00fal de Mar del Plata, obtuvieron el primer y tercer premio del <strong>XIX Concurso Literario<\/strong> organizado por el C\u00edrculo Sardos Unidos \u201cGrazia Deledda\u201d de la ciudad.<\/p>\n\n\n\n<p>Las alumnas Candelaria L\u00f3pez Eguiazu, Francisca Gallardo y Raffaela Moglianessi, del colegio Fasta Miguel \u00c1ngel Tobares, destacaron en instancias regionales en la <strong>Olimp\u00edada de Filosof\u00eda de la Rep\u00fablica Argentina<\/strong>.<\/p>\n\n\n\n<h2 class=\"wp-block-heading\" id=\"h-matematica-fisica-quimica-y-pensamiento-computacional\"><strong>Matem\u00e1tica, F\u00edsica, Qu\u00edmica y Pensamiento computacional<\/strong><\/h2>\n\n\n\n<p>En el mes de agosto, alumnos del <a href=\"https:\/\/www.instagram.com\/p\/ChaR8iKJnhy\/\">colegio Fasta Ing. Jos\u00e9 Mar\u00eda Paz<\/a>, participaron de forma destacada en el <strong>1\u00b0 Hackathon<\/strong> para j\u00f3venes enmarcado en el <strong>programa de capacitaci\u00f3n \u201cEmprendamos\u201d<\/strong> que impulsa la Empresa Ledesma, a cargo de Ediciones Logos.<\/p>\n\n\n\n<p>En octubre y noviembre nuestros alumnos fueron protagonistas de varios encuentros que ten\u00edan como tem\u00e1tica principal a la ciencia exacta por excelencia, es decir la matem\u00e1tica. Los alumnos Joaqu\u00edn S\u00e1nchez y Martina Tamara Colla Burela, del nivel secundario del&nbsp;<a href=\"https:\/\/www.instagram.com\/p\/CkObpyNJVV3\/\" target=\"_blank\" rel=\"noreferrer noopener\">Instituto Superior Fasta Catamarca<\/a>, representaron al colegio en la&nbsp;<strong>Olimp\u00edada de Matem\u00e1tica Internacional ATACALAR<\/strong>. En este mismo, la alumna de 5\u00b0 grado Catalina Peretti, del&nbsp;<a href=\"https:\/\/www.instagram.com\/p\/CjtH5dUpBN1\/\" target=\"_blank\" rel=\"noreferrer noopener\">colegio Fasta Inmaculada Concepci\u00f3n<\/a>, San Francisco, C\u00f3rdoba, particip\u00f3 destacando con el 2\u00b0 puesto entre 300 participantes.<\/p>\n\n\n\n<p>Por su parte, la alumna de 3er a\u00f1o, Candela Cordeiro, represent\u00f3 al <a href=\"https:\/\/www.instagram.com\/p\/Ck0-OnELtHR\/\">colegio Fasta Miguel \u00c1ngel Tobares<\/a> en el <strong>Certamen Nacional de la OMA. <\/strong>Y el alumno Gonzalo L\u00f3pez Gelmetti, estudiante 6\u00b0 a\u00f1o del <a href=\"https:\/\/www.instagram.com\/p\/ClHhp1wJrbc\/\">colegio Fasta Santo Domingo de Guzm\u00e1n<\/a>, lleg\u00f3 al certamen nacional obteniendo la aprobaci\u00f3n de los dos ex\u00e1menes y una menci\u00f3n que destacada.<\/p>\n\n\n\n<p>Tambi\u00e9n, en <strong>MATIFIC<\/strong>, la competencia que convoca a millones de estudiantes de m\u00e1s de 20 pa\u00edses, el <a href=\"https:\/\/www.instagram.com\/p\/CjtwX8fD5el\/\">colegio Fasta Inmaculada<\/a>, obtuvo el 5to lugar y el <a href=\"https:\/\/www.instagram.com\/p\/CjtwX8fD5el\/\">colegio Fasta San Alberto Magno<\/a> de Jujuy, qued\u00f3 n\u00famero 15, en un total de 99 colegios participantes de Argentina.<\/p>\n\n\n\n<p>Por su parte alumnos del <a href=\"https:\/\/www.instagram.com\/p\/CkZA-JbJCDe\/\">colegio Fasta San Vicente de Pa\u00fal<\/a> de Mar del Plata, estuvo&nbsp;presente en la <strong>Olimp\u00edada Argentina de Qu\u00edmica. <\/strong>En las primeras instancias Aymara Cortez Camacho, Uma Grieco, Mikaela Medina, Helena Razul. Baltazar y Joaqu\u00edn Calder\u00f3n de la instancia nacional.<\/p>\n\n\n\n<p>Alumnos del <a href=\"https:\/\/www.instagram.com\/p\/CkgZ3s-LVct\/\">colegio Fasta Jes\u00fas de la Misericordia<\/a>, de Freyre, C\u00f3rdoba destacaron por su desempe\u00f1o en la <strong>Olimp\u00edada Nacional de Inform\u00e1tica OIA Scrachatoon 2022<\/strong>, con la programaci\u00f3n secuencial por bloques. Tambi\u00e9n en las <strong>Competencias Provinciales de Inform\u00e1tica<\/strong>, d\u00f3nde los alumnos participaron de manera sincr\u00f3nica sobre el an\u00e1lisis de trabajo e imagen y obtuvieron los puestos 5\u00b0, 8\u00b0 y 24\u00b0.<\/p>\n\n\n\n<h2 class=\"wp-block-heading\" id=\"h-deportes-y-airelibrismo\"><strong>Deportes y Airelibrismo<\/strong><\/h2>\n\n\n\n<p>Los deportes y el airelibrismo ocupan un lugar privilegiado en nuestro proyecto educativo, es por ello que tambi\u00e9n participamos de convocatorias que tienen estas caracter\u00edsticas. En el mes de noviembre, el&nbsp;<a href=\"https:\/\/www.instagram.com\/p\/Ckqb54CMZGv\/\" target=\"_blank\" rel=\"noreferrer noopener\">colegio Fasta Federico Ozanam<\/a>&nbsp;de San Juan, particip\u00f3 por primera vez en los<strong>&nbsp;intercolegiales provinciales<\/strong>&nbsp;en las disciplinas de v\u00f3ley y atletismo, con alumnos de 6to grado como protagonistas.<\/p>\n\n\n\n<p>Por otro lado, el alumno Lautaro Oliva, represent\u00f3 al colegio Fasta Jes\u00fas de la Misericordia, en la disciplina de 800 mtrs de Atletismo, en el <strong>Torneo Deportivo Intercolegial Provincial<\/strong>.<\/p>\n\n\n\n<p>Finalmente, los alumnos Roc\u00edo, Irene y Hugo, del <a href=\"https:\/\/www.instagram.com\/p\/Ck8M73ZtfdG\/\">colegio Fasta Madre Sacramento<\/a>, Valencia, Espa\u00f1a, recibieron el<strong> Premio Extraordinario al Rendimiento Acad\u00e9mico<\/strong> de la <strong>ESO<\/strong>.<\/p>\n\n\n\n<p>La participaci\u00f3n en concursos es una buena pr\u00e1ctica que se motiva a aplicar en nuestros colegios de la Red Educativa. Presentarse en estas instancias permite que los alumnos puedan potenciar y desarrollar sus competencias en tem\u00e1ticas que le son afines, encontrar un nuevo v\u00ednculo con la escuela y sus docentes y compartir experiencias con estudiantes de otros establecimientos.<\/p>\n","protected":false},"author":30,"featured_media":8162,"template":"","tipo":[55],"categoria":[40],"fuente":[],"origen":[78],"class_list":["post-8128","noticias","type-noticias","status-publish","has-post-thumbnail","hentry","tipo-con-imagen","origen-propia"],"acf":[],"yoast_head":"<!-- This site is optimized with the Yoast SEO Premium plugin v20.1 (Yoast SEO v27.3) - https:\/\/yoast.com\/product\/yoast-seo-premium-wordpress\/ -->\n<title>Nuestros alumnos premiados en cert\u00e1menes<\/title>\n<meta name=\"description\" content=\"Nuestros alumnos premiados en cert\u00e1menes, alumnos de colegios Fasta, Concurso Literario, Madre Sacramento, San Vicente de Pa\u00fal,\" \/>\n<meta name=\"robots\" content=\"index, follow, max-snippet:-1, max-image-preview:large, max-video-preview:-1\" \/>\n<link rel=\"canonical\" href=\"https:\/\/redfasta.edu.ar\/noticias\/nuestros-alumnos-premiados-en-certamenes\/\" \/>\n<meta property=\"og:locale\" content=\"fr_FR\" \/>\n<meta property=\"og:type\" content=\"article\" \/>\n<meta property=\"og:title\" content=\"Nuestros alumnos premiados en cert\u00e1menes\" \/>\n<meta property=\"og:description\" content=\"Nuestros alumnos premiados en cert\u00e1menes, alumnos de colegios Fasta, Concurso Literario, Madre Sacramento, San Vicente de Pa\u00fal,\" \/>\n<meta property=\"og:url\" content=\"https:\/\/redfasta.edu.ar\/noticias\/nuestros-alumnos-premiados-en-certamenes\/\" \/>\n<meta property=\"og:site_name\" content=\"Red Educativa Fasta\" \/>\n<meta property=\"article:publisher\" content=\"https:\/\/www.facebook.com\/rededucativafasta\" \/>\n<meta property=\"article:modified_time\" content=\"2023-08-28T14:48:26+00:00\" \/>\n<meta property=\"og:image\" content=\"https:\/\/redfasta.edu.ar\/wp-content\/uploads\/2022\/04\/certamen.jpg\" \/>\n\t<meta property=\"og:image:width\" content=\"1400\" \/>\n\t<meta property=\"og:image:height\" content=\"500\" \/>\n\t<meta property=\"og:image:type\" content=\"image\/jpeg\" \/>\n<meta name=\"twitter:card\" content=\"summary_large_image\" \/>\n<meta name=\"twitter:label1\" content=\"Dur\u00e9e de lecture estim\u00e9e\" \/>\n\t<meta name=\"twitter:data1\" content=\"4 minutes\" \/>\n<script type=\"application\/ld+json\" class=\"yoast-schema-graph\">{\"@context\":\"https:\\\/\\\/schema.org\",\"@graph\":[{\"@type\":\"WebPage\",\"@id\":\"https:\\\/\\\/redfasta.edu.ar\\\/noticias\\\/nuestros-alumnos-premiados-en-certamenes\\\/\",\"url\":\"https:\\\/\\\/redfasta.edu.ar\\\/noticias\\\/nuestros-alumnos-premiados-en-certamenes\\\/\",\"name\":\"Nuestros alumnos premiados en cert\u00e1menes\",\"isPartOf\":{\"@id\":\"https:\\\/\\\/redfasta.edu.ar\\\/#website\"},\"primaryImageOfPage\":{\"@id\":\"https:\\\/\\\/redfasta.edu.ar\\\/noticias\\\/nuestros-alumnos-premiados-en-certamenes\\\/#primaryimage\"},\"image\":{\"@id\":\"https:\\\/\\\/redfasta.edu.ar\\\/noticias\\\/nuestros-alumnos-premiados-en-certamenes\\\/#primaryimage\"},\"thumbnailUrl\":\"https:\\\/\\\/redfasta.edu.ar\\\/wp-content\\\/uploads\\\/2022\\\/04\\\/certamen.jpg\",\"datePublished\":\"2022-12-06T14:05:33+00:00\",\"dateModified\":\"2023-08-28T14:48:26+00:00\",\"description\":\"Nuestros alumnos premiados en cert\u00e1menes, alumnos de colegios Fasta, Concurso Literario, Madre Sacramento, San Vicente de Pa\u00fal,\",\"breadcrumb\":{\"@id\":\"https:\\\/\\\/redfasta.edu.ar\\\/noticias\\\/nuestros-alumnos-premiados-en-certamenes\\\/#breadcrumb\"},\"inLanguage\":\"fr-FR\",\"potentialAction\":[{\"@type\":\"ReadAction\",\"target\":[\"https:\\\/\\\/redfasta.edu.ar\\\/noticias\\\/nuestros-alumnos-premiados-en-certamenes\\\/\"]}]},{\"@type\":\"ImageObject\",\"inLanguage\":\"fr-FR\",\"@id\":\"https:\\\/\\\/redfasta.edu.ar\\\/noticias\\\/nuestros-alumnos-premiados-en-certamenes\\\/#primaryimage\",\"url\":\"https:\\\/\\\/redfasta.edu.ar\\\/wp-content\\\/uploads\\\/2022\\\/04\\\/certamen.jpg\",\"contentUrl\":\"https:\\\/\\\/redfasta.edu.ar\\\/wp-content\\\/uploads\\\/2022\\\/04\\\/certamen.jpg\",\"width\":1400,\"height\":500,\"caption\":\"Nuestros alumnos premiados en cert\u00e1menes\"},{\"@type\":\"BreadcrumbList\",\"@id\":\"https:\\\/\\\/redfasta.edu.ar\\\/noticias\\\/nuestros-alumnos-premiados-en-certamenes\\\/#breadcrumb\",\"itemListElement\":[{\"@type\":\"ListItem\",\"position\":1,\"name\":\"Inicio\",\"item\":\"https:\\\/\\\/redfasta.edu.ar\\\/\"},{\"@type\":\"ListItem\",\"position\":2,\"name\":\"Noticias\",\"item\":\"https:\\\/\\\/redfasta.edu.ar\\\/noticias\\\/\"},{\"@type\":\"ListItem\",\"position\":3,\"name\":\"Nuestros alumnos premiados en cert\u00e1menes\"}]},{\"@type\":\"WebSite\",\"@id\":\"https:\\\/\\\/redfasta.edu.ar\\\/#website\",\"url\":\"https:\\\/\\\/redfasta.edu.ar\\\/\",\"name\":\"Red Educativa Fasta\",\"description\":\"Educamos en la Verdad y el Bien\",\"publisher\":{\"@id\":\"https:\\\/\\\/redfasta.edu.ar\\\/#organization\"},\"potentialAction\":[{\"@type\":\"SearchAction\",\"target\":{\"@type\":\"EntryPoint\",\"urlTemplate\":\"https:\\\/\\\/redfasta.edu.ar\\\/?s={search_term_string}\"},\"query-input\":{\"@type\":\"PropertyValueSpecification\",\"valueRequired\":true,\"valueName\":\"search_term_string\"}}],\"inLanguage\":\"fr-FR\"},{\"@type\":\"Organization\",\"@id\":\"https:\\\/\\\/redfasta.edu.ar\\\/#organization\",\"name\":\"Red Educativa Fasta\",\"url\":\"https:\\\/\\\/redfasta.edu.ar\\\/\",\"logo\":{\"@type\":\"ImageObject\",\"inLanguage\":\"fr-FR\",\"@id\":\"https:\\\/\\\/redfasta.edu.ar\\\/#\\\/schema\\\/logo\\\/image\\\/\",\"url\":\"https:\\\/\\\/redfasta.edu.ar\\\/wp-content\\\/uploads\\\/2021\\\/10\\\/logo-header-bordo.png\",\"contentUrl\":\"https:\\\/\\\/redfasta.edu.ar\\\/wp-content\\\/uploads\\\/2021\\\/10\\\/logo-header-bordo.png\",\"width\":200,\"height\":40,\"caption\":\"Red Educativa Fasta\"},\"image\":{\"@id\":\"https:\\\/\\\/redfasta.edu.ar\\\/#\\\/schema\\\/logo\\\/image\\\/\"},\"sameAs\":[\"https:\\\/\\\/www.facebook.com\\\/rededucativafasta\",\"https:\\\/\\\/www.instagram.com\\\/rededucativafasta\\\/\",\"https:\\\/\\\/www.youtube.com\\\/c\\\/RedEducativaFasta\"]}]}<\/script>\n<!-- \/ Yoast SEO Premium plugin. -->","yoast_head_json":{"title":"Nuestros alumnos premiados en cert\u00e1menes","description":"Nuestros alumnos premiados en cert\u00e1menes, alumnos de colegios Fasta, Concurso Literario, Madre Sacramento, San Vicente de Pa\u00fal,","robots":{"index":"index","follow":"follow","max-snippet":"max-snippet:-1","max-image-preview":"max-image-preview:large","max-video-preview":"max-video-preview:-1"},"canonical":"https:\/\/redfasta.edu.ar\/noticias\/nuestros-alumnos-premiados-en-certamenes\/","og_locale":"fr_FR","og_type":"article","og_title":"Nuestros alumnos premiados en cert\u00e1menes","og_description":"Nuestros alumnos premiados en cert\u00e1menes, alumnos de colegios Fasta, Concurso Literario, Madre Sacramento, San Vicente de Pa\u00fal,","og_url":"https:\/\/redfasta.edu.ar\/noticias\/nuestros-alumnos-premiados-en-certamenes\/","og_site_name":"Red Educativa Fasta","article_publisher":"https:\/\/www.facebook.com\/rededucativafasta","article_modified_time":"2023-08-28T14:48:26+00:00","og_image":[{"width":1400,"height":500,"url":"https:\/\/redfasta.edu.ar\/wp-content\/uploads\/2022\/04\/certamen.jpg","type":"image\/jpeg"}],"twitter_card":"summary_large_image","twitter_misc":{"Dur\u00e9e de lecture estim\u00e9e":"4 minutes"},"schema":{"@context":"https:\/\/schema.org","@graph":[{"@type":"WebPage","@id":"https:\/\/redfasta.edu.ar\/noticias\/nuestros-alumnos-premiados-en-certamenes\/","url":"https:\/\/redfasta.edu.ar\/noticias\/nuestros-alumnos-premiados-en-certamenes\/","name":"Nuestros alumnos premiados en cert\u00e1menes","isPartOf":{"@id":"https:\/\/redfasta.edu.ar\/#website"},"primaryImageOfPage":{"@id":"https:\/\/redfasta.edu.ar\/noticias\/nuestros-alumnos-premiados-en-certamenes\/#primaryimage"},"image":{"@id":"https:\/\/redfasta.edu.ar\/noticias\/nuestros-alumnos-premiados-en-certamenes\/#primaryimage"},"thumbnailUrl":"https:\/\/redfasta.edu.ar\/wp-content\/uploads\/2022\/04\/certamen.jpg","datePublished":"2022-12-06T14:05:33+00:00","dateModified":"2023-08-28T14:48:26+00:00","description":"Nuestros alumnos premiados en cert\u00e1menes, alumnos de colegios Fasta, Concurso Literario, Madre Sacramento, San Vicente de Pa\u00fal,","breadcrumb":{"@id":"https:\/\/redfasta.edu.ar\/noticias\/nuestros-alumnos-premiados-en-certamenes\/#breadcrumb"},"inLanguage":"fr-FR","potentialAction":[{"@type":"ReadAction","target":["https:\/\/redfasta.edu.ar\/noticias\/nuestros-alumnos-premiados-en-certamenes\/"]}]},{"@type":"ImageObject","inLanguage":"fr-FR","@id":"https:\/\/redfasta.edu.ar\/noticias\/nuestros-alumnos-premiados-en-certamenes\/#primaryimage","url":"https:\/\/redfasta.edu.ar\/wp-content\/uploads\/2022\/04\/certamen.jpg","contentUrl":"https:\/\/redfasta.edu.ar\/wp-content\/uploads\/2022\/04\/certamen.jpg","width":1400,"height":500,"caption":"Nuestros alumnos premiados en cert\u00e1menes"},{"@type":"BreadcrumbList","@id":"https:\/\/redfasta.edu.ar\/noticias\/nuestros-alumnos-premiados-en-certamenes\/#breadcrumb","itemListElement":[{"@type":"ListItem","position":1,"name":"Inicio","item":"https:\/\/redfasta.edu.ar\/"},{"@type":"ListItem","position":2,"name":"Noticias","item":"https:\/\/redfasta.edu.ar\/noticias\/"},{"@type":"ListItem","position":3,"name":"Nuestros alumnos premiados en cert\u00e1menes"}]},{"@type":"WebSite","@id":"https:\/\/redfasta.edu.ar\/#website","url":"https:\/\/redfasta.edu.ar\/","name":"Red Educativa Fasta","description":"Educamos en la Verdad y el Bien","publisher":{"@id":"https:\/\/redfasta.edu.ar\/#organization"},"potentialAction":[{"@type":"SearchAction","target":{"@type":"EntryPoint","urlTemplate":"https:\/\/redfasta.edu.ar\/?s={search_term_string}"},"query-input":{"@type":"PropertyValueSpecification","valueRequired":true,"valueName":"search_term_string"}}],"inLanguage":"fr-FR"},{"@type":"Organization","@id":"https:\/\/redfasta.edu.ar\/#organization","name":"Red Educativa Fasta","url":"https:\/\/redfasta.edu.ar\/","logo":{"@type":"ImageObject","inLanguage":"fr-FR","@id":"https:\/\/redfasta.edu.ar\/#\/schema\/logo\/image\/","url":"https:\/\/redfasta.edu.ar\/wp-content\/uploads\/2021\/10\/logo-header-bordo.png","contentUrl":"https:\/\/redfasta.edu.ar\/wp-content\/uploads\/2021\/10\/logo-header-bordo.png","width":200,"height":40,"caption":"Red Educativa Fasta"},"image":{"@id":"https:\/\/redfasta.edu.ar\/#\/schema\/logo\/image\/"},"sameAs":["https:\/\/www.facebook.com\/rededucativafasta","https:\/\/www.instagram.com\/rededucativafasta\/","https:\/\/www.youtube.com\/c\/RedEducativaFasta"]}]}},"_links":{"self":[{"href":"https:\/\/redfasta.edu.ar\/fr\/wp-json\/wp\/v2\/noticias\/8128","targetHints":{"allow":["GET"]}}],"collection":[{"href":"https:\/\/redfasta.edu.ar\/fr\/wp-json\/wp\/v2\/noticias"}],"about":[{"href":"https:\/\/redfasta.edu.ar\/fr\/wp-json\/wp\/v2\/types\/noticias"}],"author":[{"embeddable":true,"href":"https:\/\/redfasta.edu.ar\/fr\/wp-json\/wp\/v2\/users\/30"}],"version-history":[{"count":15,"href":"https:\/\/redfasta.edu.ar\/fr\/wp-json\/wp\/v2\/noticias\/8128\/revisions"}],"predecessor-version":[{"id":369705,"href":"https:\/\/redfasta.edu.ar\/fr\/wp-json\/wp\/v2\/noticias\/8128\/revisions\/369705"}],"wp:featuredmedia":[{"embeddable":true,"href":"https:\/\/redfasta.edu.ar\/fr\/wp-json\/wp\/v2\/media\/8162"}],"wp:attachment":[{"href":"https:\/\/redfasta.edu.ar\/fr\/wp-json\/wp\/v2\/media?parent=8128"}],"wp:term":[{"taxonomy":"tipo","embeddable":true,"href":"https:\/\/redfasta.edu.ar\/fr\/wp-json\/wp\/v2\/tipo?post=8128"},{"taxonomy":"categoria","embeddable":true,"href":"https:\/\/redfasta.edu.ar\/fr\/wp-json\/wp\/v2\/categoria?post=8128"},{"taxonomy":"fuente","embeddable":true,"href":"https:\/\/redfasta.edu.ar\/fr\/wp-json\/wp\/v2\/fuente?post=8128"},{"taxonomy":"origen","embeddable":true,"href":"https:\/\/redfasta.edu.ar\/fr\/wp-json\/wp\/v2\/origen?post=8128"}],"curies":[{"name":"wp","href":"https:\/\/api.w.org\/{rel}","templated":true}]}}