{"id":8613,"date":"2022-05-10T13:02:31","date_gmt":"2022-05-10T16:02:31","guid":{"rendered":"https:\/\/redfasta.edu.ar\/?post_type=noticias&#038;p=8613"},"modified":"2023-08-16T10:40:13","modified_gmt":"2023-08-16T13:40:13","slug":"la-red-educativa-en-homenaje-al-padre-fundador","status":"publish","type":"noticias","link":"https:\/\/redfasta.edu.ar\/fr\/noticias\/la-red-educativa-en-homenaje-al-padre-fundador\/","title":{"rendered":"La alegr\u00eda de haberle dicho: \u201cGracias Padre Fundador\u201d"},"content":{"rendered":"\n<p>Providencialmente y por Gracia de Dios, d\u00edas previos al fallecimiento del Padre Fundador, el Directorio de Fasta realiz\u00f3&nbsp;<em>La Semana Jubilar<\/em>. Del 18 al 24 de abril fueron peregrinando, pasando por Mar del Plata y Bariloche, hacia un encuentro con el Padre Fosbery en San Mart\u00edn de los Andes.<\/p>\n\n\n\n<p>En ese marco, se llev\u00f3 a cabo un acto homenaje en el cual desde la Red Educativa Fasta tuvimos la oportunidad de agradecerle a quien, en su misi\u00f3n sacerdotal, fue el gestor del sue\u00f1o de una obra educativa que es comunidad y que ayuda a descubrir en cada uno su vocaci\u00f3n personal.<\/p>\n\n\n\n<p>Compartimos las c\u00e1lidas palabras de la Directora General de la Red Educativa, Lic. Silvina Marlia y el video conmemorativo que la Red le regal\u00f3 al Padre.<\/p>\n\n\n\n<hr class=\"wp-block-separator has-alpha-channel-opacity\"\/>\n\n\n\n<p>Mir\u00e1 la <a href=\"https:\/\/youtu.be\/vLTg5U7jVF0\">Sesi\u00f3n del Directorio<\/a> completa.<\/p>\n","protected":false},"author":2,"featured_media":8615,"template":"","tipo":[54],"categoria":[60],"fuente":[],"origen":[78],"class_list":["post-8613","noticias","type-noticias","status-publish","has-post-thumbnail","hentry","tipo-con-video","origen-propia"],"acf":[],"yoast_head":"<!-- This site is optimized with the Yoast SEO Premium plugin v20.1 (Yoast SEO v27.3) - https:\/\/yoast.com\/product\/yoast-seo-premium-wordpress\/ -->\n<title>La Red Educativa Fasta en homenaje al Padre Fundador<\/title>\n<meta name=\"description\" content=\"La Red Educativa en homenaje al Padre Fundador, Fosbery, Semana Jubilar, video conmemorativo, Directorio de Fasta\" \/>\n<meta name=\"robots\" content=\"index, follow, max-snippet:-1, max-image-preview:large, max-video-preview:-1\" \/>\n<link rel=\"canonical\" href=\"https:\/\/redfasta.edu.ar\/noticias\/la-red-educativa-en-homenaje-al-padre-fundador\/\" \/>\n<meta property=\"og:locale\" content=\"fr_FR\" \/>\n<meta property=\"og:type\" content=\"article\" \/>\n<meta property=\"og:title\" content=\"La alegr\u00eda de haberle dicho: \u201cGracias Padre Fundador\u201d\" \/>\n<meta property=\"og:description\" content=\"La Red Educativa en homenaje al Padre Fundador, Fosbery, Semana Jubilar, video conmemorativo, Directorio de Fasta\" \/>\n<meta property=\"og:url\" content=\"https:\/\/redfasta.edu.ar\/noticias\/la-red-educativa-en-homenaje-al-padre-fundador\/\" \/>\n<meta property=\"og:site_name\" content=\"Red Educativa Fasta\" \/>\n<meta property=\"article:publisher\" content=\"https:\/\/www.facebook.com\/rededucativafasta\" \/>\n<meta property=\"article:modified_time\" content=\"2023-08-16T13:40:13+00:00\" \/>\n<meta property=\"og:image\" content=\"https:\/\/redfasta.edu.ar\/wp-content\/uploads\/2022\/05\/MC-homenaje-DGR.jpg\" \/>\n\t<meta property=\"og:image:width\" content=\"600\" \/>\n\t<meta property=\"og:image:height\" content=\"338\" \/>\n\t<meta property=\"og:image:type\" content=\"image\/jpeg\" \/>\n<meta name=\"twitter:card\" content=\"summary_large_image\" \/>\n<meta name=\"twitter:label1\" content=\"Dur\u00e9e de lecture estim\u00e9e\" \/>\n\t<meta name=\"twitter:data1\" content=\"1 minute\" \/>\n<script type=\"application\/ld+json\" class=\"yoast-schema-graph\">{\"@context\":\"https:\\\/\\\/schema.org\",\"@graph\":[{\"@type\":\"WebPage\",\"@id\":\"https:\\\/\\\/redfasta.edu.ar\\\/noticias\\\/la-red-educativa-en-homenaje-al-padre-fundador\\\/\",\"url\":\"https:\\\/\\\/redfasta.edu.ar\\\/noticias\\\/la-red-educativa-en-homenaje-al-padre-fundador\\\/\",\"name\":\"La Red Educativa Fasta en homenaje al Padre Fundador\",\"isPartOf\":{\"@id\":\"https:\\\/\\\/redfasta.edu.ar\\\/#website\"},\"primaryImageOfPage\":{\"@id\":\"https:\\\/\\\/redfasta.edu.ar\\\/noticias\\\/la-red-educativa-en-homenaje-al-padre-fundador\\\/#primaryimage\"},\"image\":{\"@id\":\"https:\\\/\\\/redfasta.edu.ar\\\/noticias\\\/la-red-educativa-en-homenaje-al-padre-fundador\\\/#primaryimage\"},\"thumbnailUrl\":\"https:\\\/\\\/redfasta.edu.ar\\\/wp-content\\\/uploads\\\/2022\\\/05\\\/MC-homenaje-DGR.jpg\",\"datePublished\":\"2022-05-10T16:02:31+00:00\",\"dateModified\":\"2023-08-16T13:40:13+00:00\",\"description\":\"La Red Educativa en homenaje al Padre Fundador, Fosbery, Semana Jubilar, video conmemorativo, Directorio de Fasta\",\"breadcrumb\":{\"@id\":\"https:\\\/\\\/redfasta.edu.ar\\\/noticias\\\/la-red-educativa-en-homenaje-al-padre-fundador\\\/#breadcrumb\"},\"inLanguage\":\"fr-FR\",\"potentialAction\":[{\"@type\":\"ReadAction\",\"target\":[\"https:\\\/\\\/redfasta.edu.ar\\\/noticias\\\/la-red-educativa-en-homenaje-al-padre-fundador\\\/\"]}]},{\"@type\":\"ImageObject\",\"inLanguage\":\"fr-FR\",\"@id\":\"https:\\\/\\\/redfasta.edu.ar\\\/noticias\\\/la-red-educativa-en-homenaje-al-padre-fundador\\\/#primaryimage\",\"url\":\"https:\\\/\\\/redfasta.edu.ar\\\/wp-content\\\/uploads\\\/2022\\\/05\\\/MC-homenaje-DGR.jpg\",\"contentUrl\":\"https:\\\/\\\/redfasta.edu.ar\\\/wp-content\\\/uploads\\\/2022\\\/05\\\/MC-homenaje-DGR.jpg\",\"width\":600,\"height\":338,\"caption\":\"Silvina en el homenaje al Padre Fundador\"},{\"@type\":\"BreadcrumbList\",\"@id\":\"https:\\\/\\\/redfasta.edu.ar\\\/noticias\\\/la-red-educativa-en-homenaje-al-padre-fundador\\\/#breadcrumb\",\"itemListElement\":[{\"@type\":\"ListItem\",\"position\":1,\"name\":\"Inicio\",\"item\":\"https:\\\/\\\/redfasta.edu.ar\\\/\"},{\"@type\":\"ListItem\",\"position\":2,\"name\":\"Noticias\",\"item\":\"https:\\\/\\\/redfasta.edu.ar\\\/noticias\\\/\"},{\"@type\":\"ListItem\",\"position\":3,\"name\":\"La alegr\u00eda de haberle dicho: \u201cGracias Padre Fundador\u201d\"}]},{\"@type\":\"WebSite\",\"@id\":\"https:\\\/\\\/redfasta.edu.ar\\\/#website\",\"url\":\"https:\\\/\\\/redfasta.edu.ar\\\/\",\"name\":\"Red Educativa Fasta\",\"description\":\"Educamos en la Verdad y el Bien\",\"publisher\":{\"@id\":\"https:\\\/\\\/redfasta.edu.ar\\\/#organization\"},\"potentialAction\":[{\"@type\":\"SearchAction\",\"target\":{\"@type\":\"EntryPoint\",\"urlTemplate\":\"https:\\\/\\\/redfasta.edu.ar\\\/?s={search_term_string}\"},\"query-input\":{\"@type\":\"PropertyValueSpecification\",\"valueRequired\":true,\"valueName\":\"search_term_string\"}}],\"inLanguage\":\"fr-FR\"},{\"@type\":\"Organization\",\"@id\":\"https:\\\/\\\/redfasta.edu.ar\\\/#organization\",\"name\":\"Red Educativa Fasta\",\"url\":\"https:\\\/\\\/redfasta.edu.ar\\\/\",\"logo\":{\"@type\":\"ImageObject\",\"inLanguage\":\"fr-FR\",\"@id\":\"https:\\\/\\\/redfasta.edu.ar\\\/#\\\/schema\\\/logo\\\/image\\\/\",\"url\":\"https:\\\/\\\/redfasta.edu.ar\\\/wp-content\\\/uploads\\\/2021\\\/10\\\/logo-header-bordo.png\",\"contentUrl\":\"https:\\\/\\\/redfasta.edu.ar\\\/wp-content\\\/uploads\\\/2021\\\/10\\\/logo-header-bordo.png\",\"width\":200,\"height\":40,\"caption\":\"Red Educativa Fasta\"},\"image\":{\"@id\":\"https:\\\/\\\/redfasta.edu.ar\\\/#\\\/schema\\\/logo\\\/image\\\/\"},\"sameAs\":[\"https:\\\/\\\/www.facebook.com\\\/rededucativafasta\",\"https:\\\/\\\/www.instagram.com\\\/rededucativafasta\\\/\",\"https:\\\/\\\/www.youtube.com\\\/c\\\/RedEducativaFasta\"]}]}<\/script>\n<!-- \/ Yoast SEO Premium plugin. -->","yoast_head_json":{"title":"La Red Educativa Fasta en homenaje al Padre Fundador","description":"La Red Educativa en homenaje al Padre Fundador, Fosbery, Semana Jubilar, video conmemorativo, Directorio de Fasta","robots":{"index":"index","follow":"follow","max-snippet":"max-snippet:-1","max-image-preview":"max-image-preview:large","max-video-preview":"max-video-preview:-1"},"canonical":"https:\/\/redfasta.edu.ar\/noticias\/la-red-educativa-en-homenaje-al-padre-fundador\/","og_locale":"fr_FR","og_type":"article","og_title":"La alegr\u00eda de haberle dicho: \u201cGracias Padre Fundador\u201d","og_description":"La Red Educativa en homenaje al Padre Fundador, Fosbery, Semana Jubilar, video conmemorativo, Directorio de Fasta","og_url":"https:\/\/redfasta.edu.ar\/noticias\/la-red-educativa-en-homenaje-al-padre-fundador\/","og_site_name":"Red Educativa Fasta","article_publisher":"https:\/\/www.facebook.com\/rededucativafasta","article_modified_time":"2023-08-16T13:40:13+00:00","og_image":[{"width":600,"height":338,"url":"https:\/\/redfasta.edu.ar\/wp-content\/uploads\/2022\/05\/MC-homenaje-DGR.jpg","type":"image\/jpeg"}],"twitter_card":"summary_large_image","twitter_misc":{"Dur\u00e9e de lecture estim\u00e9e":"1 minute"},"schema":{"@context":"https:\/\/schema.org","@graph":[{"@type":"WebPage","@id":"https:\/\/redfasta.edu.ar\/noticias\/la-red-educativa-en-homenaje-al-padre-fundador\/","url":"https:\/\/redfasta.edu.ar\/noticias\/la-red-educativa-en-homenaje-al-padre-fundador\/","name":"La Red Educativa Fasta en homenaje al Padre Fundador","isPartOf":{"@id":"https:\/\/redfasta.edu.ar\/#website"},"primaryImageOfPage":{"@id":"https:\/\/redfasta.edu.ar\/noticias\/la-red-educativa-en-homenaje-al-padre-fundador\/#primaryimage"},"image":{"@id":"https:\/\/redfasta.edu.ar\/noticias\/la-red-educativa-en-homenaje-al-padre-fundador\/#primaryimage"},"thumbnailUrl":"https:\/\/redfasta.edu.ar\/wp-content\/uploads\/2022\/05\/MC-homenaje-DGR.jpg","datePublished":"2022-05-10T16:02:31+00:00","dateModified":"2023-08-16T13:40:13+00:00","description":"La Red Educativa en homenaje al Padre Fundador, Fosbery, Semana Jubilar, video conmemorativo, Directorio de Fasta","breadcrumb":{"@id":"https:\/\/redfasta.edu.ar\/noticias\/la-red-educativa-en-homenaje-al-padre-fundador\/#breadcrumb"},"inLanguage":"fr-FR","potentialAction":[{"@type":"ReadAction","target":["https:\/\/redfasta.edu.ar\/noticias\/la-red-educativa-en-homenaje-al-padre-fundador\/"]}]},{"@type":"ImageObject","inLanguage":"fr-FR","@id":"https:\/\/redfasta.edu.ar\/noticias\/la-red-educativa-en-homenaje-al-padre-fundador\/#primaryimage","url":"https:\/\/redfasta.edu.ar\/wp-content\/uploads\/2022\/05\/MC-homenaje-DGR.jpg","contentUrl":"https:\/\/redfasta.edu.ar\/wp-content\/uploads\/2022\/05\/MC-homenaje-DGR.jpg","width":600,"height":338,"caption":"Silvina en el homenaje al Padre Fundador"},{"@type":"BreadcrumbList","@id":"https:\/\/redfasta.edu.ar\/noticias\/la-red-educativa-en-homenaje-al-padre-fundador\/#breadcrumb","itemListElement":[{"@type":"ListItem","position":1,"name":"Inicio","item":"https:\/\/redfasta.edu.ar\/"},{"@type":"ListItem","position":2,"name":"Noticias","item":"https:\/\/redfasta.edu.ar\/noticias\/"},{"@type":"ListItem","position":3,"name":"La alegr\u00eda de haberle dicho: \u201cGracias Padre Fundador\u201d"}]},{"@type":"WebSite","@id":"https:\/\/redfasta.edu.ar\/#website","url":"https:\/\/redfasta.edu.ar\/","name":"Red Educativa Fasta","description":"Educamos en la Verdad y el Bien","publisher":{"@id":"https:\/\/redfasta.edu.ar\/#organization"},"potentialAction":[{"@type":"SearchAction","target":{"@type":"EntryPoint","urlTemplate":"https:\/\/redfasta.edu.ar\/?s={search_term_string}"},"query-input":{"@type":"PropertyValueSpecification","valueRequired":true,"valueName":"search_term_string"}}],"inLanguage":"fr-FR"},{"@type":"Organization","@id":"https:\/\/redfasta.edu.ar\/#organization","name":"Red Educativa Fasta","url":"https:\/\/redfasta.edu.ar\/","logo":{"@type":"ImageObject","inLanguage":"fr-FR","@id":"https:\/\/redfasta.edu.ar\/#\/schema\/logo\/image\/","url":"https:\/\/redfasta.edu.ar\/wp-content\/uploads\/2021\/10\/logo-header-bordo.png","contentUrl":"https:\/\/redfasta.edu.ar\/wp-content\/uploads\/2021\/10\/logo-header-bordo.png","width":200,"height":40,"caption":"Red Educativa Fasta"},"image":{"@id":"https:\/\/redfasta.edu.ar\/#\/schema\/logo\/image\/"},"sameAs":["https:\/\/www.facebook.com\/rededucativafasta","https:\/\/www.instagram.com\/rededucativafasta\/","https:\/\/www.youtube.com\/c\/RedEducativaFasta"]}]}},"_links":{"self":[{"href":"https:\/\/redfasta.edu.ar\/fr\/wp-json\/wp\/v2\/noticias\/8613","targetHints":{"allow":["GET"]}}],"collection":[{"href":"https:\/\/redfasta.edu.ar\/fr\/wp-json\/wp\/v2\/noticias"}],"about":[{"href":"https:\/\/redfasta.edu.ar\/fr\/wp-json\/wp\/v2\/types\/noticias"}],"author":[{"embeddable":true,"href":"https:\/\/redfasta.edu.ar\/fr\/wp-json\/wp\/v2\/users\/2"}],"version-history":[{"count":21,"href":"https:\/\/redfasta.edu.ar\/fr\/wp-json\/wp\/v2\/noticias\/8613\/revisions"}],"predecessor-version":[{"id":369107,"href":"https:\/\/redfasta.edu.ar\/fr\/wp-json\/wp\/v2\/noticias\/8613\/revisions\/369107"}],"wp:featuredmedia":[{"embeddable":true,"href":"https:\/\/redfasta.edu.ar\/fr\/wp-json\/wp\/v2\/media\/8615"}],"wp:attachment":[{"href":"https:\/\/redfasta.edu.ar\/fr\/wp-json\/wp\/v2\/media?parent=8613"}],"wp:term":[{"taxonomy":"tipo","embeddable":true,"href":"https:\/\/redfasta.edu.ar\/fr\/wp-json\/wp\/v2\/tipo?post=8613"},{"taxonomy":"categoria","embeddable":true,"href":"https:\/\/redfasta.edu.ar\/fr\/wp-json\/wp\/v2\/categoria?post=8613"},{"taxonomy":"fuente","embeddable":true,"href":"https:\/\/redfasta.edu.ar\/fr\/wp-json\/wp\/v2\/fuente?post=8613"},{"taxonomy":"origen","embeddable":true,"href":"https:\/\/redfasta.edu.ar\/fr\/wp-json\/wp\/v2\/origen?post=8613"}],"curies":[{"name":"wp","href":"https:\/\/api.w.org\/{rel}","templated":true}]}}