{"id":8845,"date":"2022-07-04T16:39:12","date_gmt":"2022-07-04T19:39:12","guid":{"rendered":"https:\/\/redfasta.edu.ar\/?post_type=noticias&#038;p=8845"},"modified":"2023-08-23T15:43:04","modified_gmt":"2023-08-23T18:43:04","slug":"colegio-fasta-en-jujuy-inaugura-auditorio-y-biblioteca","status":"publish","type":"noticias","link":"https:\/\/redfasta.edu.ar\/fr\/noticias\/colegio-fasta-en-jujuy-inaugura-auditorio-y-biblioteca\/","title":{"rendered":"Colegio Fasta en Jujuy inaugura auditorio y biblioteca"},"content":{"rendered":"\n<p>El 23 de junio, conmemorando el 89\u00b0 aniversario del nacimiento de nuestro Fundador, el <strong>Colegio Fasta San Alberto Magno<\/strong> inaugur\u00f3 el <strong>Auditorio \u201cFray Dr. An\u00edbal Fosbery OP\u201d<\/strong> y la <strong>Biblioteca \u201cHugo Wast\u201d<\/strong>, en el marco de la segunda edici\u00f3n de la C\u00e1tedra Abierta Santo Tom\u00e1s de Aquino.<\/p>\n\n\n\n<p>El nuevo sal\u00f3n, fruto del trabajo y esfuerzo de toda la comunidad de Fasta Jujuy, es un avance y una oportunidad, porque all\u00ed confluye el conocimiento, la tecnolog\u00eda, la innovaci\u00f3n y el arte.<\/p>\n\n\n\n<h2 class=\"wp-block-heading\" id=\"h-la-inauguracion\"><strong>La inauguraci\u00f3n<\/strong><\/h2>\n\n\n\n<p>Con la presencia del Obispo de Jujuy, Monse\u00f1or Cesar Daniel Fern\u00e1ndez, se realiz\u00f3 la bendici\u00f3n de las nuevas instalaciones. Luego de la oraci\u00f3n de apertura, a cargo del Pbro. Enrique Silvano, y tras entonar las estrofas del Himno Nacional, se proyect\u00f3 un video con la evoluci\u00f3n de la obra.<\/p>\n\n\n\n<p>Acompa\u00f1aron el acto la Directora General de la Red Educativa, Lic. Silvina Marlia; el Presidente de la Jurisdicci\u00f3n Fasta, Jujuy Pablo Daniel Battaglia; el Apoderado Legal del IES N\u00b08 Sagrado Coraz\u00f3n Fasta, CPN Julio Cesar Parravicini, y el Apoderado Legal del Colegio Fasta San Alberto Magno, Ab. Juan Francisco Monest\u00e9s, entre otras autoridades presentes y los se\u00f1ores Ra\u00fal Quintana y Rodrigo Quintana, nieto y bisnieto del escritor Gustavo Adolfo Mart\u00ednez Zubir\u00eda &#8211; Hugo Wast -.&nbsp;<\/p>\n\n\n\n<p>Tambi\u00e9n asistieron de la Direcci\u00f3n de la Red Educativa, la Lic. Victoria Garc\u00eda y el Lic. Luciano Romitti de la Direcci\u00f3n de Personal; el Rector del Santuario de la Virgen de Nuestra Sra. del Rosario de R\u00edo Blanco y Paypaya, Pbro. Germ\u00e1n Macagno; autoridades de la Direcci\u00f3n de Educaci\u00f3n Privada y supervisores del Ministerio de Educaci\u00f3n; miembros de los Consejos Superiores del Colegio Fasta San Alberto Magno y del IES N\u00b08 Sagrado Coraz\u00f3n Fasta, docentes y alumnos.<\/p>\n\n\n\n<p>El CPN Julio Cesar Parravicini dirigi\u00f3 las palabras de apertura y significado del espacio, procediendo luego a la firma del acta donde se establece el nombre del Auditorio \u201cFray Dr. An\u00edbal Fosbery OP\u201d.<\/p>\n\n\n\n<h2 class=\"wp-block-heading\" id=\"h-custodios-de-los-manuscritos-de-hugo-wast\"><strong>Custodios de los manuscritos de Hugo Wast<\/strong><\/h2>\n\n\n\n<p>Un momento especial se vivi\u00f3 cuando se ley\u00f3 la carta de la Sra. Matilde Mart\u00ednez Zuvir\u00eda de Quintana, recibida en el a\u00f1o 1990, que expresa el motivo de la donaci\u00f3n de los manuscritos originales de su padre de la obra \u201cDon Bosco y su tiempo\u201d a la biblioteca del colegio:<\/p>\n\n\n\n<blockquote class=\"wp-block-quote is-layout-flow wp-block-quote-is-layout-flow\">\n<p>\u201c\u2026con el deseo de que el colegio San Alberto Magno, al tomar en su custodia, los originales de la obra de \u201cDon Bosco y su tiempo\u201d, haga justicia a un argentino que dedic\u00f3 toda su capacidad, sus alegr\u00edas y sus penas, al servicio de Dios, de nuestra Patria, y sus tradiciones, con la ilusi\u00f3n de educar a su pueblo y a su familia, en tan altos conceptos\u2026\u201d<\/p>\n<\/blockquote>\n\n\n\n<h2 class=\"wp-block-heading\" id=\"h-el-legado-educativo-del-fundador\"><strong>El legado educativo del Fundador<\/strong><\/h2>\n\n\n\n<p>Posterior a la inauguraci\u00f3n y dando el marco acad\u00e9mico, se realiz\u00f3 la segunda edici\u00f3n 2022 de la <strong>C\u00e1tedra Abierta &#8220;Santo Tom\u00e1s de Aquino&#8221;<\/strong> contando en esta ocasi\u00f3n con la disertaci\u00f3n de la Directora General de la Red Educativa, con la tem\u00e1tica de &#8220;El legado sobre educaci\u00f3n del padre Fosbery&#8221;.<\/p>\n\n\n\n<hr class=\"wp-block-separator has-alpha-channel-opacity\"\/>\n\n\n\n<p>Mir\u00e1 la nota en nuestras redes:<\/p>\n\n\n\n<p>\u2764\ufe0f <a href=\"https:\/\/www.instagram.com\/tv\/CfmgUcopfGG\/?utm_source=ig_web_copy_link\">Post Instagram<\/a><\/p>\n\n\n\n<p>\ud83d\udc4d <a href=\"https:\/\/www.facebook.com\/watch\/?v=531132968758247\">Post Facebook<\/a><\/p>\n","protected":false},"author":2,"featured_media":8847,"template":"","tipo":[55],"categoria":[40],"fuente":[],"origen":[78],"class_list":["post-8845","noticias","type-noticias","status-publish","has-post-thumbnail","hentry","tipo-con-imagen","origen-propia"],"acf":[],"yoast_head":"<!-- This site is optimized with the Yoast SEO Premium plugin v20.1 (Yoast SEO v27.3) - https:\/\/yoast.com\/product\/yoast-seo-premium-wordpress\/ -->\n<title>Colegio Fasta en Jujuy inaugura auditorio y biblioteca<\/title>\n<meta name=\"description\" content=\"Colegio Fasta San Alberto Magno, auditorio y biblioteca, inauguraci\u00f3n, Jujuy, Fosbery, Hugo Wast, C\u00e1tedra Abierta, Santo Tom\u00e1s de Aquino\" \/>\n<meta name=\"robots\" content=\"index, follow, max-snippet:-1, max-image-preview:large, max-video-preview:-1\" \/>\n<link rel=\"canonical\" href=\"https:\/\/redfasta.edu.ar\/noticias\/colegio-fasta-en-jujuy-inaugura-auditorio-y-biblioteca\/\" \/>\n<meta property=\"og:locale\" content=\"fr_FR\" \/>\n<meta property=\"og:type\" content=\"article\" \/>\n<meta property=\"og:title\" content=\"Colegio Fasta en Jujuy inaugura auditorio y biblioteca\" \/>\n<meta property=\"og:description\" content=\"Colegio Fasta San Alberto Magno, auditorio y biblioteca, inauguraci\u00f3n, Jujuy, Fosbery, Hugo Wast, C\u00e1tedra Abierta, Santo Tom\u00e1s de Aquino\" \/>\n<meta property=\"og:url\" content=\"https:\/\/redfasta.edu.ar\/noticias\/colegio-fasta-en-jujuy-inaugura-auditorio-y-biblioteca\/\" \/>\n<meta property=\"og:site_name\" content=\"Red Educativa Fasta\" \/>\n<meta property=\"article:publisher\" content=\"https:\/\/www.facebook.com\/rededucativafasta\" \/>\n<meta property=\"article:modified_time\" content=\"2023-08-23T18:43:04+00:00\" \/>\n<meta property=\"og:image\" content=\"https:\/\/redfasta.edu.ar\/wp-content\/uploads\/2022\/06\/MC-SAM-multiespacio.jpg\" \/>\n\t<meta property=\"og:image:width\" content=\"1500\" \/>\n\t<meta property=\"og:image:height\" content=\"450\" \/>\n\t<meta property=\"og:image:type\" content=\"image\/jpeg\" \/>\n<meta name=\"twitter:card\" content=\"summary_large_image\" \/>\n<meta name=\"twitter:label1\" content=\"Dur\u00e9e de lecture estim\u00e9e\" \/>\n\t<meta name=\"twitter:data1\" content=\"3 minutes\" \/>\n<script type=\"application\/ld+json\" class=\"yoast-schema-graph\">{\"@context\":\"https:\\\/\\\/schema.org\",\"@graph\":[{\"@type\":\"WebPage\",\"@id\":\"https:\\\/\\\/redfasta.edu.ar\\\/noticias\\\/colegio-fasta-en-jujuy-inaugura-auditorio-y-biblioteca\\\/\",\"url\":\"https:\\\/\\\/redfasta.edu.ar\\\/noticias\\\/colegio-fasta-en-jujuy-inaugura-auditorio-y-biblioteca\\\/\",\"name\":\"Colegio Fasta en Jujuy inaugura auditorio y biblioteca\",\"isPartOf\":{\"@id\":\"https:\\\/\\\/redfasta.edu.ar\\\/#website\"},\"primaryImageOfPage\":{\"@id\":\"https:\\\/\\\/redfasta.edu.ar\\\/noticias\\\/colegio-fasta-en-jujuy-inaugura-auditorio-y-biblioteca\\\/#primaryimage\"},\"image\":{\"@id\":\"https:\\\/\\\/redfasta.edu.ar\\\/noticias\\\/colegio-fasta-en-jujuy-inaugura-auditorio-y-biblioteca\\\/#primaryimage\"},\"thumbnailUrl\":\"https:\\\/\\\/redfasta.edu.ar\\\/wp-content\\\/uploads\\\/2022\\\/06\\\/MC-SAM-multiespacio.jpg\",\"datePublished\":\"2022-07-04T19:39:12+00:00\",\"dateModified\":\"2023-08-23T18:43:04+00:00\",\"description\":\"Colegio Fasta San Alberto Magno, auditorio y biblioteca, inauguraci\u00f3n, Jujuy, Fosbery, Hugo Wast, C\u00e1tedra Abierta, Santo Tom\u00e1s de Aquino\",\"breadcrumb\":{\"@id\":\"https:\\\/\\\/redfasta.edu.ar\\\/noticias\\\/colegio-fasta-en-jujuy-inaugura-auditorio-y-biblioteca\\\/#breadcrumb\"},\"inLanguage\":\"fr-FR\",\"potentialAction\":[{\"@type\":\"ReadAction\",\"target\":[\"https:\\\/\\\/redfasta.edu.ar\\\/noticias\\\/colegio-fasta-en-jujuy-inaugura-auditorio-y-biblioteca\\\/\"]}]},{\"@type\":\"ImageObject\",\"inLanguage\":\"fr-FR\",\"@id\":\"https:\\\/\\\/redfasta.edu.ar\\\/noticias\\\/colegio-fasta-en-jujuy-inaugura-auditorio-y-biblioteca\\\/#primaryimage\",\"url\":\"https:\\\/\\\/redfasta.edu.ar\\\/wp-content\\\/uploads\\\/2022\\\/06\\\/MC-SAM-multiespacio.jpg\",\"contentUrl\":\"https:\\\/\\\/redfasta.edu.ar\\\/wp-content\\\/uploads\\\/2022\\\/06\\\/MC-SAM-multiespacio.jpg\",\"width\":1500,\"height\":450,\"caption\":\"Multiespacio\"},{\"@type\":\"BreadcrumbList\",\"@id\":\"https:\\\/\\\/redfasta.edu.ar\\\/noticias\\\/colegio-fasta-en-jujuy-inaugura-auditorio-y-biblioteca\\\/#breadcrumb\",\"itemListElement\":[{\"@type\":\"ListItem\",\"position\":1,\"name\":\"Inicio\",\"item\":\"https:\\\/\\\/redfasta.edu.ar\\\/\"},{\"@type\":\"ListItem\",\"position\":2,\"name\":\"Noticias\",\"item\":\"https:\\\/\\\/redfasta.edu.ar\\\/noticias\\\/\"},{\"@type\":\"ListItem\",\"position\":3,\"name\":\"Colegio Fasta en Jujuy inaugura auditorio y biblioteca\"}]},{\"@type\":\"WebSite\",\"@id\":\"https:\\\/\\\/redfasta.edu.ar\\\/#website\",\"url\":\"https:\\\/\\\/redfasta.edu.ar\\\/\",\"name\":\"Red Educativa Fasta\",\"description\":\"Educamos en la Verdad y el Bien\",\"publisher\":{\"@id\":\"https:\\\/\\\/redfasta.edu.ar\\\/#organization\"},\"potentialAction\":[{\"@type\":\"SearchAction\",\"target\":{\"@type\":\"EntryPoint\",\"urlTemplate\":\"https:\\\/\\\/redfasta.edu.ar\\\/?s={search_term_string}\"},\"query-input\":{\"@type\":\"PropertyValueSpecification\",\"valueRequired\":true,\"valueName\":\"search_term_string\"}}],\"inLanguage\":\"fr-FR\"},{\"@type\":\"Organization\",\"@id\":\"https:\\\/\\\/redfasta.edu.ar\\\/#organization\",\"name\":\"Red Educativa Fasta\",\"url\":\"https:\\\/\\\/redfasta.edu.ar\\\/\",\"logo\":{\"@type\":\"ImageObject\",\"inLanguage\":\"fr-FR\",\"@id\":\"https:\\\/\\\/redfasta.edu.ar\\\/#\\\/schema\\\/logo\\\/image\\\/\",\"url\":\"https:\\\/\\\/redfasta.edu.ar\\\/wp-content\\\/uploads\\\/2021\\\/10\\\/logo-header-bordo.png\",\"contentUrl\":\"https:\\\/\\\/redfasta.edu.ar\\\/wp-content\\\/uploads\\\/2021\\\/10\\\/logo-header-bordo.png\",\"width\":200,\"height\":40,\"caption\":\"Red Educativa Fasta\"},\"image\":{\"@id\":\"https:\\\/\\\/redfasta.edu.ar\\\/#\\\/schema\\\/logo\\\/image\\\/\"},\"sameAs\":[\"https:\\\/\\\/www.facebook.com\\\/rededucativafasta\",\"https:\\\/\\\/www.instagram.com\\\/rededucativafasta\\\/\",\"https:\\\/\\\/www.youtube.com\\\/c\\\/RedEducativaFasta\"]}]}<\/script>\n<!-- \/ Yoast SEO Premium plugin. -->","yoast_head_json":{"title":"Colegio Fasta en Jujuy inaugura auditorio y biblioteca","description":"Colegio Fasta San Alberto Magno, auditorio y biblioteca, inauguraci\u00f3n, Jujuy, Fosbery, Hugo Wast, C\u00e1tedra Abierta, Santo Tom\u00e1s de Aquino","robots":{"index":"index","follow":"follow","max-snippet":"max-snippet:-1","max-image-preview":"max-image-preview:large","max-video-preview":"max-video-preview:-1"},"canonical":"https:\/\/redfasta.edu.ar\/noticias\/colegio-fasta-en-jujuy-inaugura-auditorio-y-biblioteca\/","og_locale":"fr_FR","og_type":"article","og_title":"Colegio Fasta en Jujuy inaugura auditorio y biblioteca","og_description":"Colegio Fasta San Alberto Magno, auditorio y biblioteca, inauguraci\u00f3n, Jujuy, Fosbery, Hugo Wast, C\u00e1tedra Abierta, Santo Tom\u00e1s de Aquino","og_url":"https:\/\/redfasta.edu.ar\/noticias\/colegio-fasta-en-jujuy-inaugura-auditorio-y-biblioteca\/","og_site_name":"Red Educativa Fasta","article_publisher":"https:\/\/www.facebook.com\/rededucativafasta","article_modified_time":"2023-08-23T18:43:04+00:00","og_image":[{"width":1500,"height":450,"url":"https:\/\/redfasta.edu.ar\/wp-content\/uploads\/2022\/06\/MC-SAM-multiespacio.jpg","type":"image\/jpeg"}],"twitter_card":"summary_large_image","twitter_misc":{"Dur\u00e9e de lecture estim\u00e9e":"3 minutes"},"schema":{"@context":"https:\/\/schema.org","@graph":[{"@type":"WebPage","@id":"https:\/\/redfasta.edu.ar\/noticias\/colegio-fasta-en-jujuy-inaugura-auditorio-y-biblioteca\/","url":"https:\/\/redfasta.edu.ar\/noticias\/colegio-fasta-en-jujuy-inaugura-auditorio-y-biblioteca\/","name":"Colegio Fasta en Jujuy inaugura auditorio y biblioteca","isPartOf":{"@id":"https:\/\/redfasta.edu.ar\/#website"},"primaryImageOfPage":{"@id":"https:\/\/redfasta.edu.ar\/noticias\/colegio-fasta-en-jujuy-inaugura-auditorio-y-biblioteca\/#primaryimage"},"image":{"@id":"https:\/\/redfasta.edu.ar\/noticias\/colegio-fasta-en-jujuy-inaugura-auditorio-y-biblioteca\/#primaryimage"},"thumbnailUrl":"https:\/\/redfasta.edu.ar\/wp-content\/uploads\/2022\/06\/MC-SAM-multiespacio.jpg","datePublished":"2022-07-04T19:39:12+00:00","dateModified":"2023-08-23T18:43:04+00:00","description":"Colegio Fasta San Alberto Magno, auditorio y biblioteca, inauguraci\u00f3n, Jujuy, Fosbery, Hugo Wast, C\u00e1tedra Abierta, Santo Tom\u00e1s de Aquino","breadcrumb":{"@id":"https:\/\/redfasta.edu.ar\/noticias\/colegio-fasta-en-jujuy-inaugura-auditorio-y-biblioteca\/#breadcrumb"},"inLanguage":"fr-FR","potentialAction":[{"@type":"ReadAction","target":["https:\/\/redfasta.edu.ar\/noticias\/colegio-fasta-en-jujuy-inaugura-auditorio-y-biblioteca\/"]}]},{"@type":"ImageObject","inLanguage":"fr-FR","@id":"https:\/\/redfasta.edu.ar\/noticias\/colegio-fasta-en-jujuy-inaugura-auditorio-y-biblioteca\/#primaryimage","url":"https:\/\/redfasta.edu.ar\/wp-content\/uploads\/2022\/06\/MC-SAM-multiespacio.jpg","contentUrl":"https:\/\/redfasta.edu.ar\/wp-content\/uploads\/2022\/06\/MC-SAM-multiespacio.jpg","width":1500,"height":450,"caption":"Multiespacio"},{"@type":"BreadcrumbList","@id":"https:\/\/redfasta.edu.ar\/noticias\/colegio-fasta-en-jujuy-inaugura-auditorio-y-biblioteca\/#breadcrumb","itemListElement":[{"@type":"ListItem","position":1,"name":"Inicio","item":"https:\/\/redfasta.edu.ar\/"},{"@type":"ListItem","position":2,"name":"Noticias","item":"https:\/\/redfasta.edu.ar\/noticias\/"},{"@type":"ListItem","position":3,"name":"Colegio Fasta en Jujuy inaugura auditorio y biblioteca"}]},{"@type":"WebSite","@id":"https:\/\/redfasta.edu.ar\/#website","url":"https:\/\/redfasta.edu.ar\/","name":"Red Educativa Fasta","description":"Educamos en la Verdad y el Bien","publisher":{"@id":"https:\/\/redfasta.edu.ar\/#organization"},"potentialAction":[{"@type":"SearchAction","target":{"@type":"EntryPoint","urlTemplate":"https:\/\/redfasta.edu.ar\/?s={search_term_string}"},"query-input":{"@type":"PropertyValueSpecification","valueRequired":true,"valueName":"search_term_string"}}],"inLanguage":"fr-FR"},{"@type":"Organization","@id":"https:\/\/redfasta.edu.ar\/#organization","name":"Red Educativa Fasta","url":"https:\/\/redfasta.edu.ar\/","logo":{"@type":"ImageObject","inLanguage":"fr-FR","@id":"https:\/\/redfasta.edu.ar\/#\/schema\/logo\/image\/","url":"https:\/\/redfasta.edu.ar\/wp-content\/uploads\/2021\/10\/logo-header-bordo.png","contentUrl":"https:\/\/redfasta.edu.ar\/wp-content\/uploads\/2021\/10\/logo-header-bordo.png","width":200,"height":40,"caption":"Red Educativa Fasta"},"image":{"@id":"https:\/\/redfasta.edu.ar\/#\/schema\/logo\/image\/"},"sameAs":["https:\/\/www.facebook.com\/rededucativafasta","https:\/\/www.instagram.com\/rededucativafasta\/","https:\/\/www.youtube.com\/c\/RedEducativaFasta"]}]}},"_links":{"self":[{"href":"https:\/\/redfasta.edu.ar\/fr\/wp-json\/wp\/v2\/noticias\/8845","targetHints":{"allow":["GET"]}}],"collection":[{"href":"https:\/\/redfasta.edu.ar\/fr\/wp-json\/wp\/v2\/noticias"}],"about":[{"href":"https:\/\/redfasta.edu.ar\/fr\/wp-json\/wp\/v2\/types\/noticias"}],"author":[{"embeddable":true,"href":"https:\/\/redfasta.edu.ar\/fr\/wp-json\/wp\/v2\/users\/2"}],"version-history":[{"count":24,"href":"https:\/\/redfasta.edu.ar\/fr\/wp-json\/wp\/v2\/noticias\/8845\/revisions"}],"predecessor-version":[{"id":369671,"href":"https:\/\/redfasta.edu.ar\/fr\/wp-json\/wp\/v2\/noticias\/8845\/revisions\/369671"}],"wp:featuredmedia":[{"embeddable":true,"href":"https:\/\/redfasta.edu.ar\/fr\/wp-json\/wp\/v2\/media\/8847"}],"wp:attachment":[{"href":"https:\/\/redfasta.edu.ar\/fr\/wp-json\/wp\/v2\/media?parent=8845"}],"wp:term":[{"taxonomy":"tipo","embeddable":true,"href":"https:\/\/redfasta.edu.ar\/fr\/wp-json\/wp\/v2\/tipo?post=8845"},{"taxonomy":"categoria","embeddable":true,"href":"https:\/\/redfasta.edu.ar\/fr\/wp-json\/wp\/v2\/categoria?post=8845"},{"taxonomy":"fuente","embeddable":true,"href":"https:\/\/redfasta.edu.ar\/fr\/wp-json\/wp\/v2\/fuente?post=8845"},{"taxonomy":"origen","embeddable":true,"href":"https:\/\/redfasta.edu.ar\/fr\/wp-json\/wp\/v2\/origen?post=8845"}],"curies":[{"name":"wp","href":"https:\/\/api.w.org\/{rel}","templated":true}]}}