{"id":9062,"date":"2022-09-05T11:58:59","date_gmt":"2022-09-05T14:58:59","guid":{"rendered":"https:\/\/redfasta.edu.ar\/?post_type=noticias&#038;p=9062"},"modified":"2023-08-23T15:42:44","modified_gmt":"2023-08-23T18:42:44","slug":"inauguramos-nuestro-primer-colegio-fasta-en-africa","status":"publish","type":"noticias","link":"https:\/\/redfasta.edu.ar\/fr\/noticias\/inauguramos-nuestro-primer-colegio-fasta-en-africa\/","title":{"rendered":"Inauguramos nuestro primer colegio Fasta en \u00c1frica"},"content":{"rendered":"\n<p>El mes de septiembre aportar\u00e1 a la historia de Fasta y de nuestra Red Educativa un nuevo acontecimiento hist\u00f3rico, la fundaci\u00f3n de <em>un colegio propio en la Rep\u00fablica Democr\u00e1tica del Congo<\/em>.&nbsp;<\/p>\n\n\n\n<p>En abril de 2019, en ocasi\u00f3n de su visita a la misi\u00f3n de Fasta en Kinshasa, el padre Fosbery manifest\u00f3 su deseo de hacer realidad un colegio para la comunidad, que complementara la tarea apost\u00f3lica que el Movimiento llevaba adelante.&nbsp; Los recursos humanos y materiales eran escasos para semejante tarea, pero el desaf\u00edo cal\u00f3 hondo en los corazones congole\u00f1os y en el de los misioneros all\u00ed presentes. Se repet\u00eda la historia que dio origen a muchos de nuestras obras educativas, una historia que siempre empieza con un \u00a1A tus \u00f3rdenes!<\/p>\n\n\n\n<p>A poco tiempo del fallecimiento de nuestro Fundador y en el a\u00f1o en que celebramos el <strong>60 aniversario de la fundaci\u00f3n de Fasta,<\/strong> tendremos la hermosa oportunidad de dar cumplimiento a su anhelo. Un colegio en tierras africanas es hoy un proyecto posible gracias a la entrega y compromiso de laicos y consagrados de las comunidades de Fasta Espa\u00f1a y Fasta Argentina, y a la desinteresada colaboraci\u00f3n de organizaciones y donantes.&nbsp;<\/p>\n\n\n\n<h2 class=\"wp-block-heading\" id=\"h-prontos-a-la-apertura\"><strong>Prontos a la apertura<\/strong><\/h2>\n\n\n\n<p>El colegio que Fasta abrir\u00e1 en el continente africano ser\u00e1 el primero en llevar el nombre del Fundador <strong><em>\u201ccoll\u00e8ge Fasta P\u00e8re Fosbery\u201d<\/em><\/strong>, y asumir\u00e1 los objetivos apost\u00f3licos y educativos de los 25 colegios que conforman la Red Educativa Fasta.&nbsp;&nbsp;<\/p>\n\n\n\n<p>Incorporado al sistema educativo formal local desplegar\u00e1 su propuesta en un edificio propio de m\u00e1s de 800 mts2 cubiertos, sede actual de Fasta Kinshasa y se proyecta como un colegio de jornada simple que iniciar\u00e1 con nivel inicial, primer y segundo grado.&nbsp;<\/p>\n\n\n\n<p>Toda la comunidad educativa se encuentra ultimando detalles para el pr\u00f3ximo <strong>12 de septiembre en que las puertas del colegio se abrir\u00e1n<\/strong> para los ni\u00f1os y sus familias. Los docentes participan de jornadas de capacitaci\u00f3n y formaci\u00f3n, mientras que profesionales de la salud de Fasta Valencia se encuentran realizando la revisi\u00f3n m\u00e9dica de los alumnos para garantizar el apto f\u00edsico de cada uno de ellos.<\/p>\n\n\n\n<h2 class=\"wp-block-heading\" id=\"h-12-anos-de-mision-en-africa\"><strong>12 a\u00f1os de misi\u00f3n en \u00c1frica<\/strong><\/h2>\n\n\n\n<p>El trabajo apost\u00f3lico iniciado por Fasta en el a\u00f1o 2010 fue creciendo en convocatoria, identidad y formaci\u00f3n. El paso de Dios por dichas filas ha consagrado ya un sacerdote y cuenta con un seminarista en formaci\u00f3n. La maduraci\u00f3n del movimiento en este nuevo continente ser\u00e1 tierra f\u00e9rtil una vez m\u00e1s para dar paso a la instituci\u00f3n.<\/p>\n\n\n\n<h2 class=\"wp-block-heading\" id=\"h-bendicion-y-acompanamiento-eclesial\"><strong>Bendici\u00f3n y acompa\u00f1amiento eclesial<\/strong><\/h2>\n\n\n\n<p>En ocasi\u00f3n de su visita a Argentina invitado por Fasta, el Card. Monsengwo Pasinya, arzobispo de Kinshasa y primado de la Rep\u00fablica Democr\u00e1tica del Congo, fallecido en 2021, transmiti\u00f3 a las autoridades de Fasta el inter\u00e9s y la necesidad que tienen los j\u00f3venes de Kinshasa por desplegar el compromiso concreto con su pa\u00eds. Y como Fasta les abre esta posibilidad de formalizar y potenciar ese sentimiento que los une con su tierra y su cultura.<\/p>\n\n\n\n<p>Desde el inicio de sus actividades, Fasta cont\u00f3 con el apoyo de las autoridades de la di\u00f3cesis de Kinshasa, quienes acompa\u00f1aron y facilitaron el arribo de nuestra instituci\u00f3n a tierras congole\u00f1as y quienes han recibido con mucha alegr\u00eda esta nueva etapa de crecimiento apost\u00f3lico.&nbsp;<\/p>\n\n\n\n<p>El Papa Francisco, a trav\u00e9s de Ettore Balestrero, Nuncio Apost\u00f3lico de la Rep\u00fablica Democr\u00e1tica del Congo, expres\u00f3 su atenci\u00f3n y cercan\u00eda por el \u00e9xito del proyecto y su Bendici\u00f3n Apost\u00f3lica para todos aquellos comprometidos con su puesta en marcha y en especial para los beneficiarios.&nbsp;<\/p>\n\n\n\n<h2 class=\"wp-block-heading\" id=\"h-con-el-aporte-de-todo-el-sistema-educativo-de-fasta\"><strong>Con el aporte de todo el Sistema Educativo de Fasta<\/strong><\/h2>\n\n\n\n<p>El colegio aspira a convertirse en un centro cultural que desarrollar\u00e1 una multiplicidad de propuestas formativas abiertas a la comunidad educativa y a toda la comunidad local las cu\u00e1les ser\u00e1n dictadas con el apoyo del Centro de Estudios Superiores Madre Sacramento de Valencia y de la Universidad Fasta de Argentina. Desde ambos espacios de Educaci\u00f3n Superior se dictar\u00e1 un Programa de Formaci\u00f3n de L\u00edderes Sociales para el Progreso Humano y un Programa de Formaci\u00f3n de Emprendedores para el Desarrollo.<\/p>\n\n\n\n<p>\u00a1Acompa\u00f1emos con nuestra oraci\u00f3n estos nuevos pasos de Fasta en \u00c1frica y este nuevo desaf\u00edo educativo de nuestra Red!<\/p>\n\n\n\n<hr class=\"wp-block-separator has-alpha-channel-opacity\"\/>\n\n\n\n<p>Mira la nota en nuestras redes:<\/p>\n\n\n\n<p><img decoding=\"async\" src=\"https:\/\/s.w.org\/images\/core\/emoji\/14.0.0\/svg\/2764.svg\" alt=\"\u2764\ufe0f\" style=\"width: 15px;\">&nbsp;<a href=\"https:\/\/www.instagram.com\/p\/CiIsmqUJ1tN\/\">Post Instagram<\/a><\/p>\n\n\n\n<p><img decoding=\"async\" src=\"https:\/\/s.w.org\/images\/core\/emoji\/14.0.0\/svg\/1f44d.svg\" alt=\"\ud83d\udc4d\" style=\"width: 15px;\">&nbsp;<a href=\"https:\/\/www.facebook.com\/rededucativafasta\/posts\/pfbid0vVT4yHKMvWJM7YtXp8Xqa2Z6HES5qaHLEKUFxYNVqEbZuMX68TzB3viUnPJHFRgel\">Post Facebook<\/a><\/p>\n","protected":false},"author":2,"featured_media":9063,"template":"","tipo":[55],"categoria":[40],"fuente":[],"origen":[78],"class_list":["post-9062","noticias","type-noticias","status-publish","has-post-thumbnail","hentry","tipo-con-imagen","origen-propia"],"acf":[],"yoast_head":"<!-- This site is optimized with the Yoast SEO Premium plugin v20.1 (Yoast SEO v27.3) - https:\/\/yoast.com\/product\/yoast-seo-premium-wordpress\/ -->\n<title>Inauguramos nuestro primer colegio Fasta en \u00c1frica<\/title>\n<meta name=\"description\" content=\"Red Educativa primer colegio Fasta en \u00c1frica P\u00e8re Fosbery, Inauguramos nuestro primer colegio Fasta en \u00c1frica, Kinshasa,\" \/>\n<meta name=\"robots\" content=\"index, follow, max-snippet:-1, max-image-preview:large, max-video-preview:-1\" \/>\n<link rel=\"canonical\" href=\"https:\/\/redfasta.edu.ar\/noticias\/inauguramos-nuestro-primer-colegio-fasta-en-africa\/\" \/>\n<meta property=\"og:locale\" content=\"fr_FR\" \/>\n<meta property=\"og:type\" content=\"article\" \/>\n<meta property=\"og:title\" content=\"Inauguramos nuestro primer colegio Fasta en \u00c1frica\" \/>\n<meta property=\"og:description\" content=\"Red Educativa primer colegio Fasta en \u00c1frica P\u00e8re Fosbery, Inauguramos nuestro primer colegio Fasta en \u00c1frica, Kinshasa,\" \/>\n<meta property=\"og:url\" content=\"https:\/\/redfasta.edu.ar\/noticias\/inauguramos-nuestro-primer-colegio-fasta-en-africa\/\" \/>\n<meta property=\"og:site_name\" content=\"Red Educativa Fasta\" \/>\n<meta property=\"article:publisher\" content=\"https:\/\/www.facebook.com\/rededucativafasta\" \/>\n<meta property=\"article:modified_time\" content=\"2023-08-23T18:42:44+00:00\" \/>\n<meta property=\"og:image\" content=\"https:\/\/redfasta.edu.ar\/wp-content\/uploads\/2022\/09\/colegio-africa-portada-portal.png\" \/>\n\t<meta property=\"og:image:width\" content=\"1400\" \/>\n\t<meta property=\"og:image:height\" content=\"500\" \/>\n\t<meta property=\"og:image:type\" content=\"image\/png\" \/>\n<meta name=\"twitter:card\" content=\"summary_large_image\" \/>\n<meta name=\"twitter:label1\" content=\"Dur\u00e9e de lecture estim\u00e9e\" \/>\n\t<meta name=\"twitter:data1\" content=\"4 minutes\" \/>\n<script type=\"application\/ld+json\" class=\"yoast-schema-graph\">{\"@context\":\"https:\\\/\\\/schema.org\",\"@graph\":[{\"@type\":\"WebPage\",\"@id\":\"https:\\\/\\\/redfasta.edu.ar\\\/noticias\\\/inauguramos-nuestro-primer-colegio-fasta-en-africa\\\/\",\"url\":\"https:\\\/\\\/redfasta.edu.ar\\\/noticias\\\/inauguramos-nuestro-primer-colegio-fasta-en-africa\\\/\",\"name\":\"Inauguramos nuestro primer colegio Fasta en \u00c1frica\",\"isPartOf\":{\"@id\":\"https:\\\/\\\/redfasta.edu.ar\\\/#website\"},\"primaryImageOfPage\":{\"@id\":\"https:\\\/\\\/redfasta.edu.ar\\\/noticias\\\/inauguramos-nuestro-primer-colegio-fasta-en-africa\\\/#primaryimage\"},\"image\":{\"@id\":\"https:\\\/\\\/redfasta.edu.ar\\\/noticias\\\/inauguramos-nuestro-primer-colegio-fasta-en-africa\\\/#primaryimage\"},\"thumbnailUrl\":\"https:\\\/\\\/redfasta.edu.ar\\\/wp-content\\\/uploads\\\/2022\\\/09\\\/colegio-africa-portada-portal.png\",\"datePublished\":\"2022-09-05T14:58:59+00:00\",\"dateModified\":\"2023-08-23T18:42:44+00:00\",\"description\":\"Red Educativa primer colegio Fasta en \u00c1frica P\u00e8re Fosbery, Inauguramos nuestro primer colegio Fasta en \u00c1frica, Kinshasa,\",\"breadcrumb\":{\"@id\":\"https:\\\/\\\/redfasta.edu.ar\\\/noticias\\\/inauguramos-nuestro-primer-colegio-fasta-en-africa\\\/#breadcrumb\"},\"inLanguage\":\"fr-FR\",\"potentialAction\":[{\"@type\":\"ReadAction\",\"target\":[\"https:\\\/\\\/redfasta.edu.ar\\\/noticias\\\/inauguramos-nuestro-primer-colegio-fasta-en-africa\\\/\"]}]},{\"@type\":\"ImageObject\",\"inLanguage\":\"fr-FR\",\"@id\":\"https:\\\/\\\/redfasta.edu.ar\\\/noticias\\\/inauguramos-nuestro-primer-colegio-fasta-en-africa\\\/#primaryimage\",\"url\":\"https:\\\/\\\/redfasta.edu.ar\\\/wp-content\\\/uploads\\\/2022\\\/09\\\/colegio-africa-portada-portal.png\",\"contentUrl\":\"https:\\\/\\\/redfasta.edu.ar\\\/wp-content\\\/uploads\\\/2022\\\/09\\\/colegio-africa-portada-portal.png\",\"width\":1400,\"height\":500,\"caption\":\"pere-fosbery\"},{\"@type\":\"BreadcrumbList\",\"@id\":\"https:\\\/\\\/redfasta.edu.ar\\\/noticias\\\/inauguramos-nuestro-primer-colegio-fasta-en-africa\\\/#breadcrumb\",\"itemListElement\":[{\"@type\":\"ListItem\",\"position\":1,\"name\":\"Inicio\",\"item\":\"https:\\\/\\\/redfasta.edu.ar\\\/\"},{\"@type\":\"ListItem\",\"position\":2,\"name\":\"Noticias\",\"item\":\"https:\\\/\\\/redfasta.edu.ar\\\/noticias\\\/\"},{\"@type\":\"ListItem\",\"position\":3,\"name\":\"Inauguramos nuestro primer colegio Fasta en \u00c1frica\"}]},{\"@type\":\"WebSite\",\"@id\":\"https:\\\/\\\/redfasta.edu.ar\\\/#website\",\"url\":\"https:\\\/\\\/redfasta.edu.ar\\\/\",\"name\":\"Red Educativa Fasta\",\"description\":\"Educamos en la Verdad y el Bien\",\"publisher\":{\"@id\":\"https:\\\/\\\/redfasta.edu.ar\\\/#organization\"},\"potentialAction\":[{\"@type\":\"SearchAction\",\"target\":{\"@type\":\"EntryPoint\",\"urlTemplate\":\"https:\\\/\\\/redfasta.edu.ar\\\/?s={search_term_string}\"},\"query-input\":{\"@type\":\"PropertyValueSpecification\",\"valueRequired\":true,\"valueName\":\"search_term_string\"}}],\"inLanguage\":\"fr-FR\"},{\"@type\":\"Organization\",\"@id\":\"https:\\\/\\\/redfasta.edu.ar\\\/#organization\",\"name\":\"Red Educativa Fasta\",\"url\":\"https:\\\/\\\/redfasta.edu.ar\\\/\",\"logo\":{\"@type\":\"ImageObject\",\"inLanguage\":\"fr-FR\",\"@id\":\"https:\\\/\\\/redfasta.edu.ar\\\/#\\\/schema\\\/logo\\\/image\\\/\",\"url\":\"https:\\\/\\\/redfasta.edu.ar\\\/wp-content\\\/uploads\\\/2021\\\/10\\\/logo-header-bordo.png\",\"contentUrl\":\"https:\\\/\\\/redfasta.edu.ar\\\/wp-content\\\/uploads\\\/2021\\\/10\\\/logo-header-bordo.png\",\"width\":200,\"height\":40,\"caption\":\"Red Educativa Fasta\"},\"image\":{\"@id\":\"https:\\\/\\\/redfasta.edu.ar\\\/#\\\/schema\\\/logo\\\/image\\\/\"},\"sameAs\":[\"https:\\\/\\\/www.facebook.com\\\/rededucativafasta\",\"https:\\\/\\\/www.instagram.com\\\/rededucativafasta\\\/\",\"https:\\\/\\\/www.youtube.com\\\/c\\\/RedEducativaFasta\"]}]}<\/script>\n<!-- \/ Yoast SEO Premium plugin. -->","yoast_head_json":{"title":"Inauguramos nuestro primer colegio Fasta en \u00c1frica","description":"Red Educativa primer colegio Fasta en \u00c1frica P\u00e8re Fosbery, Inauguramos nuestro primer colegio Fasta en \u00c1frica, Kinshasa,","robots":{"index":"index","follow":"follow","max-snippet":"max-snippet:-1","max-image-preview":"max-image-preview:large","max-video-preview":"max-video-preview:-1"},"canonical":"https:\/\/redfasta.edu.ar\/noticias\/inauguramos-nuestro-primer-colegio-fasta-en-africa\/","og_locale":"fr_FR","og_type":"article","og_title":"Inauguramos nuestro primer colegio Fasta en \u00c1frica","og_description":"Red Educativa primer colegio Fasta en \u00c1frica P\u00e8re Fosbery, Inauguramos nuestro primer colegio Fasta en \u00c1frica, Kinshasa,","og_url":"https:\/\/redfasta.edu.ar\/noticias\/inauguramos-nuestro-primer-colegio-fasta-en-africa\/","og_site_name":"Red Educativa Fasta","article_publisher":"https:\/\/www.facebook.com\/rededucativafasta","article_modified_time":"2023-08-23T18:42:44+00:00","og_image":[{"width":1400,"height":500,"url":"https:\/\/redfasta.edu.ar\/wp-content\/uploads\/2022\/09\/colegio-africa-portada-portal.png","type":"image\/png"}],"twitter_card":"summary_large_image","twitter_misc":{"Dur\u00e9e de lecture estim\u00e9e":"4 minutes"},"schema":{"@context":"https:\/\/schema.org","@graph":[{"@type":"WebPage","@id":"https:\/\/redfasta.edu.ar\/noticias\/inauguramos-nuestro-primer-colegio-fasta-en-africa\/","url":"https:\/\/redfasta.edu.ar\/noticias\/inauguramos-nuestro-primer-colegio-fasta-en-africa\/","name":"Inauguramos nuestro primer colegio Fasta en \u00c1frica","isPartOf":{"@id":"https:\/\/redfasta.edu.ar\/#website"},"primaryImageOfPage":{"@id":"https:\/\/redfasta.edu.ar\/noticias\/inauguramos-nuestro-primer-colegio-fasta-en-africa\/#primaryimage"},"image":{"@id":"https:\/\/redfasta.edu.ar\/noticias\/inauguramos-nuestro-primer-colegio-fasta-en-africa\/#primaryimage"},"thumbnailUrl":"https:\/\/redfasta.edu.ar\/wp-content\/uploads\/2022\/09\/colegio-africa-portada-portal.png","datePublished":"2022-09-05T14:58:59+00:00","dateModified":"2023-08-23T18:42:44+00:00","description":"Red Educativa primer colegio Fasta en \u00c1frica P\u00e8re Fosbery, Inauguramos nuestro primer colegio Fasta en \u00c1frica, Kinshasa,","breadcrumb":{"@id":"https:\/\/redfasta.edu.ar\/noticias\/inauguramos-nuestro-primer-colegio-fasta-en-africa\/#breadcrumb"},"inLanguage":"fr-FR","potentialAction":[{"@type":"ReadAction","target":["https:\/\/redfasta.edu.ar\/noticias\/inauguramos-nuestro-primer-colegio-fasta-en-africa\/"]}]},{"@type":"ImageObject","inLanguage":"fr-FR","@id":"https:\/\/redfasta.edu.ar\/noticias\/inauguramos-nuestro-primer-colegio-fasta-en-africa\/#primaryimage","url":"https:\/\/redfasta.edu.ar\/wp-content\/uploads\/2022\/09\/colegio-africa-portada-portal.png","contentUrl":"https:\/\/redfasta.edu.ar\/wp-content\/uploads\/2022\/09\/colegio-africa-portada-portal.png","width":1400,"height":500,"caption":"pere-fosbery"},{"@type":"BreadcrumbList","@id":"https:\/\/redfasta.edu.ar\/noticias\/inauguramos-nuestro-primer-colegio-fasta-en-africa\/#breadcrumb","itemListElement":[{"@type":"ListItem","position":1,"name":"Inicio","item":"https:\/\/redfasta.edu.ar\/"},{"@type":"ListItem","position":2,"name":"Noticias","item":"https:\/\/redfasta.edu.ar\/noticias\/"},{"@type":"ListItem","position":3,"name":"Inauguramos nuestro primer colegio Fasta en \u00c1frica"}]},{"@type":"WebSite","@id":"https:\/\/redfasta.edu.ar\/#website","url":"https:\/\/redfasta.edu.ar\/","name":"Red Educativa Fasta","description":"Educamos en la Verdad y el Bien","publisher":{"@id":"https:\/\/redfasta.edu.ar\/#organization"},"potentialAction":[{"@type":"SearchAction","target":{"@type":"EntryPoint","urlTemplate":"https:\/\/redfasta.edu.ar\/?s={search_term_string}"},"query-input":{"@type":"PropertyValueSpecification","valueRequired":true,"valueName":"search_term_string"}}],"inLanguage":"fr-FR"},{"@type":"Organization","@id":"https:\/\/redfasta.edu.ar\/#organization","name":"Red Educativa Fasta","url":"https:\/\/redfasta.edu.ar\/","logo":{"@type":"ImageObject","inLanguage":"fr-FR","@id":"https:\/\/redfasta.edu.ar\/#\/schema\/logo\/image\/","url":"https:\/\/redfasta.edu.ar\/wp-content\/uploads\/2021\/10\/logo-header-bordo.png","contentUrl":"https:\/\/redfasta.edu.ar\/wp-content\/uploads\/2021\/10\/logo-header-bordo.png","width":200,"height":40,"caption":"Red Educativa Fasta"},"image":{"@id":"https:\/\/redfasta.edu.ar\/#\/schema\/logo\/image\/"},"sameAs":["https:\/\/www.facebook.com\/rededucativafasta","https:\/\/www.instagram.com\/rededucativafasta\/","https:\/\/www.youtube.com\/c\/RedEducativaFasta"]}]}},"_links":{"self":[{"href":"https:\/\/redfasta.edu.ar\/fr\/wp-json\/wp\/v2\/noticias\/9062","targetHints":{"allow":["GET"]}}],"collection":[{"href":"https:\/\/redfasta.edu.ar\/fr\/wp-json\/wp\/v2\/noticias"}],"about":[{"href":"https:\/\/redfasta.edu.ar\/fr\/wp-json\/wp\/v2\/types\/noticias"}],"author":[{"embeddable":true,"href":"https:\/\/redfasta.edu.ar\/fr\/wp-json\/wp\/v2\/users\/2"}],"version-history":[{"count":21,"href":"https:\/\/redfasta.edu.ar\/fr\/wp-json\/wp\/v2\/noticias\/9062\/revisions"}],"predecessor-version":[{"id":369669,"href":"https:\/\/redfasta.edu.ar\/fr\/wp-json\/wp\/v2\/noticias\/9062\/revisions\/369669"}],"wp:featuredmedia":[{"embeddable":true,"href":"https:\/\/redfasta.edu.ar\/fr\/wp-json\/wp\/v2\/media\/9063"}],"wp:attachment":[{"href":"https:\/\/redfasta.edu.ar\/fr\/wp-json\/wp\/v2\/media?parent=9062"}],"wp:term":[{"taxonomy":"tipo","embeddable":true,"href":"https:\/\/redfasta.edu.ar\/fr\/wp-json\/wp\/v2\/tipo?post=9062"},{"taxonomy":"categoria","embeddable":true,"href":"https:\/\/redfasta.edu.ar\/fr\/wp-json\/wp\/v2\/categoria?post=9062"},{"taxonomy":"fuente","embeddable":true,"href":"https:\/\/redfasta.edu.ar\/fr\/wp-json\/wp\/v2\/fuente?post=9062"},{"taxonomy":"origen","embeddable":true,"href":"https:\/\/redfasta.edu.ar\/fr\/wp-json\/wp\/v2\/origen?post=9062"}],"curies":[{"name":"wp","href":"https:\/\/api.w.org\/{rel}","templated":true}]}}