{"id":9086,"date":"2022-09-08T12:07:59","date_gmt":"2022-09-08T15:07:59","guid":{"rendered":"https:\/\/redfasta.edu.ar\/?post_type=noticias&#038;p=9086"},"modified":"2023-08-23T15:42:13","modified_gmt":"2023-08-23T18:42:13","slug":"culmina-la-capacitacion-2022-en-gestion-de-proyectos","status":"publish","type":"noticias","link":"https:\/\/redfasta.edu.ar\/fr\/noticias\/culmina-la-capacitacion-2022-en-gestion-de-proyectos\/","title":{"rendered":"Culmina la capacitaci\u00f3n 2022 en Gesti\u00f3n de Proyectos"},"content":{"rendered":"\n<p>En el marco del Planeamiento Estrat\u00e9gico 2021-2024 y de nuestro programa de Formaci\u00f3n Continua para la calidad educativa, durante el mes de abril y julio 37 participantes, entre directivos, administrativos y docentes, finalizaron el <strong>curso de<\/strong> <strong>Gesti\u00f3n de Proyectos bajo la metodolog\u00eda PMI<\/strong> (Project Management Institute) que se brind\u00f3 en conjunto con la Universidad Fasta a trav\u00e9s del CECAUF.<\/p>\n\n\n\n<p>Profundizar el conocimiento en la gesti\u00f3n tiene un valor muy importante para los colegios. Es por ello que desde la Oficina de Proyectos de Fasta, se inici\u00f3 un acompa\u00f1amiento a los colegios de la Red Educativa a quienes se brind\u00f3 una capacitaci\u00f3n bajo esta metodolog\u00eda que ayuda al l\u00edder o responsable de proyectos y garantiza una mayor confiabilidad y calidad de los mismos.<\/p>\n\n\n\n<h2 class=\"wp-block-heading\" id=\"h-competencias-para-lideres-de-proyectos\"><strong>Competencias para l\u00edderes de proyectos<\/strong><\/h2>\n\n\n\n<p>El objetivo del curso propuesto fue comprender los principales procesos y \u00e1reas de conocimiento de la gesti\u00f3n de proyectos para que, poni\u00e9ndolos en pr\u00e1ctica, cumplan con sus objetivos en el plazo propuesto y presupuesto estipulados.<\/p>\n\n\n\n<p>La docente del curso, Mil. Cathernina Mar\u00eda Leonor Aguilar, quien es Ingeniera Industrial y Doctora en Administraci\u00f3n Estrat\u00e9gica de Empresas, explic\u00f3 \u201ca los participantes se les brindaron herramientas para la planificaci\u00f3n, ejecuci\u00f3n, seguimiento y cierre de cualquier tipo de proyecto\u201d. A su vez agreg\u00f3&nbsp;\u201cpara cumplimentar la capacitaci\u00f3n debieron presentar un proyecto final que consist\u00eda en presentar un Acta de Constituci\u00f3n de un proyecto para implementar en el colegio en el que trabaja cada uno\u201d.<\/p>\n\n\n\n<p>Como Red Educativa que tiene la visi\u00f3n de \u201casumir la innovaci\u00f3n como cualidad distintiva en el estilo educativo propio\u201d nos proponemos brindar a nuestros educadores recursos pedag\u00f3gicos y de formaci\u00f3n necesarios para que puedan desarrollar su trabajo con mayor profesionalidad, tecnicismo y calidad; y as\u00ed nuestros estudiantes reciban una educaci\u00f3n integral que est\u00e9 a la vanguardia del sistema educativo.<\/p>\n","protected":false},"author":2,"featured_media":9096,"template":"","tipo":[55],"categoria":[41],"fuente":[],"origen":[78],"class_list":["post-9086","noticias","type-noticias","status-publish","has-post-thumbnail","hentry","tipo-con-imagen","origen-propia"],"acf":[],"yoast_head":"<!-- This site is optimized with the Yoast SEO Premium plugin v20.1 (Yoast SEO v27.3) - https:\/\/yoast.com\/product\/yoast-seo-premium-wordpress\/ -->\n<title>Culmina la capacitaci\u00f3n 2022 en Gesti\u00f3n de Proyectos<\/title>\n<meta name=\"description\" content=\"capacitaci\u00f3n 2022 en Gesti\u00f3n de Proyectos, 37 referentes, Red Educativa Fasta, metodolog\u00eda PMI, Universidad Fasta, CECAUF, formaci\u00f3n continua\" \/>\n<meta name=\"robots\" content=\"index, follow, max-snippet:-1, max-image-preview:large, max-video-preview:-1\" \/>\n<link rel=\"canonical\" href=\"https:\/\/redfasta.edu.ar\/noticias\/culmina-la-capacitacion-2022-en-gestion-de-proyectos\/\" \/>\n<meta property=\"og:locale\" content=\"fr_FR\" \/>\n<meta property=\"og:type\" content=\"article\" \/>\n<meta property=\"og:title\" content=\"Culmina la capacitaci\u00f3n 2022 en Gesti\u00f3n de Proyectos\" \/>\n<meta property=\"og:description\" content=\"capacitaci\u00f3n 2022 en Gesti\u00f3n de Proyectos, 37 referentes, Red Educativa Fasta, metodolog\u00eda PMI, Universidad Fasta, CECAUF, formaci\u00f3n continua\" \/>\n<meta property=\"og:url\" content=\"https:\/\/redfasta.edu.ar\/noticias\/culmina-la-capacitacion-2022-en-gestion-de-proyectos\/\" \/>\n<meta property=\"og:site_name\" content=\"Red Educativa Fasta\" \/>\n<meta property=\"article:publisher\" content=\"https:\/\/www.facebook.com\/rededucativafasta\" \/>\n<meta property=\"article:modified_time\" content=\"2023-08-23T18:42:13+00:00\" \/>\n<meta property=\"og:image\" content=\"https:\/\/redfasta.edu.ar\/wp-content\/uploads\/2022\/09\/pmo1.jpg\" \/>\n\t<meta property=\"og:image:width\" content=\"1400\" \/>\n\t<meta property=\"og:image:height\" content=\"500\" \/>\n\t<meta property=\"og:image:type\" content=\"image\/jpeg\" \/>\n<meta name=\"twitter:card\" content=\"summary_large_image\" \/>\n<meta name=\"twitter:label1\" content=\"Dur\u00e9e de lecture estim\u00e9e\" \/>\n\t<meta name=\"twitter:data1\" content=\"2 minutes\" \/>\n<script type=\"application\/ld+json\" class=\"yoast-schema-graph\">{\"@context\":\"https:\\\/\\\/schema.org\",\"@graph\":[{\"@type\":\"WebPage\",\"@id\":\"https:\\\/\\\/redfasta.edu.ar\\\/noticias\\\/culmina-la-capacitacion-2022-en-gestion-de-proyectos\\\/\",\"url\":\"https:\\\/\\\/redfasta.edu.ar\\\/noticias\\\/culmina-la-capacitacion-2022-en-gestion-de-proyectos\\\/\",\"name\":\"Culmina la capacitaci\u00f3n 2022 en Gesti\u00f3n de Proyectos\",\"isPartOf\":{\"@id\":\"https:\\\/\\\/redfasta.edu.ar\\\/#website\"},\"primaryImageOfPage\":{\"@id\":\"https:\\\/\\\/redfasta.edu.ar\\\/noticias\\\/culmina-la-capacitacion-2022-en-gestion-de-proyectos\\\/#primaryimage\"},\"image\":{\"@id\":\"https:\\\/\\\/redfasta.edu.ar\\\/noticias\\\/culmina-la-capacitacion-2022-en-gestion-de-proyectos\\\/#primaryimage\"},\"thumbnailUrl\":\"https:\\\/\\\/redfasta.edu.ar\\\/wp-content\\\/uploads\\\/2022\\\/09\\\/pmo1.jpg\",\"datePublished\":\"2022-09-08T15:07:59+00:00\",\"dateModified\":\"2023-08-23T18:42:13+00:00\",\"description\":\"capacitaci\u00f3n 2022 en Gesti\u00f3n de Proyectos, 37 referentes, Red Educativa Fasta, metodolog\u00eda PMI, Universidad Fasta, CECAUF, formaci\u00f3n continua\",\"breadcrumb\":{\"@id\":\"https:\\\/\\\/redfasta.edu.ar\\\/noticias\\\/culmina-la-capacitacion-2022-en-gestion-de-proyectos\\\/#breadcrumb\"},\"inLanguage\":\"fr-FR\",\"potentialAction\":[{\"@type\":\"ReadAction\",\"target\":[\"https:\\\/\\\/redfasta.edu.ar\\\/noticias\\\/culmina-la-capacitacion-2022-en-gestion-de-proyectos\\\/\"]}]},{\"@type\":\"ImageObject\",\"inLanguage\":\"fr-FR\",\"@id\":\"https:\\\/\\\/redfasta.edu.ar\\\/noticias\\\/culmina-la-capacitacion-2022-en-gestion-de-proyectos\\\/#primaryimage\",\"url\":\"https:\\\/\\\/redfasta.edu.ar\\\/wp-content\\\/uploads\\\/2022\\\/09\\\/pmo1.jpg\",\"contentUrl\":\"https:\\\/\\\/redfasta.edu.ar\\\/wp-content\\\/uploads\\\/2022\\\/09\\\/pmo1.jpg\",\"width\":1400,\"height\":500,\"caption\":\"pmi-curso\"},{\"@type\":\"BreadcrumbList\",\"@id\":\"https:\\\/\\\/redfasta.edu.ar\\\/noticias\\\/culmina-la-capacitacion-2022-en-gestion-de-proyectos\\\/#breadcrumb\",\"itemListElement\":[{\"@type\":\"ListItem\",\"position\":1,\"name\":\"Inicio\",\"item\":\"https:\\\/\\\/redfasta.edu.ar\\\/\"},{\"@type\":\"ListItem\",\"position\":2,\"name\":\"Noticias\",\"item\":\"https:\\\/\\\/redfasta.edu.ar\\\/noticias\\\/\"},{\"@type\":\"ListItem\",\"position\":3,\"name\":\"Culmina la capacitaci\u00f3n 2022 en Gesti\u00f3n de Proyectos\"}]},{\"@type\":\"WebSite\",\"@id\":\"https:\\\/\\\/redfasta.edu.ar\\\/#website\",\"url\":\"https:\\\/\\\/redfasta.edu.ar\\\/\",\"name\":\"Red Educativa Fasta\",\"description\":\"Educamos en la Verdad y el Bien\",\"publisher\":{\"@id\":\"https:\\\/\\\/redfasta.edu.ar\\\/#organization\"},\"potentialAction\":[{\"@type\":\"SearchAction\",\"target\":{\"@type\":\"EntryPoint\",\"urlTemplate\":\"https:\\\/\\\/redfasta.edu.ar\\\/?s={search_term_string}\"},\"query-input\":{\"@type\":\"PropertyValueSpecification\",\"valueRequired\":true,\"valueName\":\"search_term_string\"}}],\"inLanguage\":\"fr-FR\"},{\"@type\":\"Organization\",\"@id\":\"https:\\\/\\\/redfasta.edu.ar\\\/#organization\",\"name\":\"Red Educativa Fasta\",\"url\":\"https:\\\/\\\/redfasta.edu.ar\\\/\",\"logo\":{\"@type\":\"ImageObject\",\"inLanguage\":\"fr-FR\",\"@id\":\"https:\\\/\\\/redfasta.edu.ar\\\/#\\\/schema\\\/logo\\\/image\\\/\",\"url\":\"https:\\\/\\\/redfasta.edu.ar\\\/wp-content\\\/uploads\\\/2021\\\/10\\\/logo-header-bordo.png\",\"contentUrl\":\"https:\\\/\\\/redfasta.edu.ar\\\/wp-content\\\/uploads\\\/2021\\\/10\\\/logo-header-bordo.png\",\"width\":200,\"height\":40,\"caption\":\"Red Educativa Fasta\"},\"image\":{\"@id\":\"https:\\\/\\\/redfasta.edu.ar\\\/#\\\/schema\\\/logo\\\/image\\\/\"},\"sameAs\":[\"https:\\\/\\\/www.facebook.com\\\/rededucativafasta\",\"https:\\\/\\\/www.instagram.com\\\/rededucativafasta\\\/\",\"https:\\\/\\\/www.youtube.com\\\/c\\\/RedEducativaFasta\"]}]}<\/script>\n<!-- \/ Yoast SEO Premium plugin. -->","yoast_head_json":{"title":"Culmina la capacitaci\u00f3n 2022 en Gesti\u00f3n de Proyectos","description":"capacitaci\u00f3n 2022 en Gesti\u00f3n de Proyectos, 37 referentes, Red Educativa Fasta, metodolog\u00eda PMI, Universidad Fasta, CECAUF, formaci\u00f3n continua","robots":{"index":"index","follow":"follow","max-snippet":"max-snippet:-1","max-image-preview":"max-image-preview:large","max-video-preview":"max-video-preview:-1"},"canonical":"https:\/\/redfasta.edu.ar\/noticias\/culmina-la-capacitacion-2022-en-gestion-de-proyectos\/","og_locale":"fr_FR","og_type":"article","og_title":"Culmina la capacitaci\u00f3n 2022 en Gesti\u00f3n de Proyectos","og_description":"capacitaci\u00f3n 2022 en Gesti\u00f3n de Proyectos, 37 referentes, Red Educativa Fasta, metodolog\u00eda PMI, Universidad Fasta, CECAUF, formaci\u00f3n continua","og_url":"https:\/\/redfasta.edu.ar\/noticias\/culmina-la-capacitacion-2022-en-gestion-de-proyectos\/","og_site_name":"Red Educativa Fasta","article_publisher":"https:\/\/www.facebook.com\/rededucativafasta","article_modified_time":"2023-08-23T18:42:13+00:00","og_image":[{"width":1400,"height":500,"url":"https:\/\/redfasta.edu.ar\/wp-content\/uploads\/2022\/09\/pmo1.jpg","type":"image\/jpeg"}],"twitter_card":"summary_large_image","twitter_misc":{"Dur\u00e9e de lecture estim\u00e9e":"2 minutes"},"schema":{"@context":"https:\/\/schema.org","@graph":[{"@type":"WebPage","@id":"https:\/\/redfasta.edu.ar\/noticias\/culmina-la-capacitacion-2022-en-gestion-de-proyectos\/","url":"https:\/\/redfasta.edu.ar\/noticias\/culmina-la-capacitacion-2022-en-gestion-de-proyectos\/","name":"Culmina la capacitaci\u00f3n 2022 en Gesti\u00f3n de Proyectos","isPartOf":{"@id":"https:\/\/redfasta.edu.ar\/#website"},"primaryImageOfPage":{"@id":"https:\/\/redfasta.edu.ar\/noticias\/culmina-la-capacitacion-2022-en-gestion-de-proyectos\/#primaryimage"},"image":{"@id":"https:\/\/redfasta.edu.ar\/noticias\/culmina-la-capacitacion-2022-en-gestion-de-proyectos\/#primaryimage"},"thumbnailUrl":"https:\/\/redfasta.edu.ar\/wp-content\/uploads\/2022\/09\/pmo1.jpg","datePublished":"2022-09-08T15:07:59+00:00","dateModified":"2023-08-23T18:42:13+00:00","description":"capacitaci\u00f3n 2022 en Gesti\u00f3n de Proyectos, 37 referentes, Red Educativa Fasta, metodolog\u00eda PMI, Universidad Fasta, CECAUF, formaci\u00f3n continua","breadcrumb":{"@id":"https:\/\/redfasta.edu.ar\/noticias\/culmina-la-capacitacion-2022-en-gestion-de-proyectos\/#breadcrumb"},"inLanguage":"fr-FR","potentialAction":[{"@type":"ReadAction","target":["https:\/\/redfasta.edu.ar\/noticias\/culmina-la-capacitacion-2022-en-gestion-de-proyectos\/"]}]},{"@type":"ImageObject","inLanguage":"fr-FR","@id":"https:\/\/redfasta.edu.ar\/noticias\/culmina-la-capacitacion-2022-en-gestion-de-proyectos\/#primaryimage","url":"https:\/\/redfasta.edu.ar\/wp-content\/uploads\/2022\/09\/pmo1.jpg","contentUrl":"https:\/\/redfasta.edu.ar\/wp-content\/uploads\/2022\/09\/pmo1.jpg","width":1400,"height":500,"caption":"pmi-curso"},{"@type":"BreadcrumbList","@id":"https:\/\/redfasta.edu.ar\/noticias\/culmina-la-capacitacion-2022-en-gestion-de-proyectos\/#breadcrumb","itemListElement":[{"@type":"ListItem","position":1,"name":"Inicio","item":"https:\/\/redfasta.edu.ar\/"},{"@type":"ListItem","position":2,"name":"Noticias","item":"https:\/\/redfasta.edu.ar\/noticias\/"},{"@type":"ListItem","position":3,"name":"Culmina la capacitaci\u00f3n 2022 en Gesti\u00f3n de Proyectos"}]},{"@type":"WebSite","@id":"https:\/\/redfasta.edu.ar\/#website","url":"https:\/\/redfasta.edu.ar\/","name":"Red Educativa Fasta","description":"Educamos en la Verdad y el Bien","publisher":{"@id":"https:\/\/redfasta.edu.ar\/#organization"},"potentialAction":[{"@type":"SearchAction","target":{"@type":"EntryPoint","urlTemplate":"https:\/\/redfasta.edu.ar\/?s={search_term_string}"},"query-input":{"@type":"PropertyValueSpecification","valueRequired":true,"valueName":"search_term_string"}}],"inLanguage":"fr-FR"},{"@type":"Organization","@id":"https:\/\/redfasta.edu.ar\/#organization","name":"Red Educativa Fasta","url":"https:\/\/redfasta.edu.ar\/","logo":{"@type":"ImageObject","inLanguage":"fr-FR","@id":"https:\/\/redfasta.edu.ar\/#\/schema\/logo\/image\/","url":"https:\/\/redfasta.edu.ar\/wp-content\/uploads\/2021\/10\/logo-header-bordo.png","contentUrl":"https:\/\/redfasta.edu.ar\/wp-content\/uploads\/2021\/10\/logo-header-bordo.png","width":200,"height":40,"caption":"Red Educativa Fasta"},"image":{"@id":"https:\/\/redfasta.edu.ar\/#\/schema\/logo\/image\/"},"sameAs":["https:\/\/www.facebook.com\/rededucativafasta","https:\/\/www.instagram.com\/rededucativafasta\/","https:\/\/www.youtube.com\/c\/RedEducativaFasta"]}]}},"_links":{"self":[{"href":"https:\/\/redfasta.edu.ar\/fr\/wp-json\/wp\/v2\/noticias\/9086","targetHints":{"allow":["GET"]}}],"collection":[{"href":"https:\/\/redfasta.edu.ar\/fr\/wp-json\/wp\/v2\/noticias"}],"about":[{"href":"https:\/\/redfasta.edu.ar\/fr\/wp-json\/wp\/v2\/types\/noticias"}],"author":[{"embeddable":true,"href":"https:\/\/redfasta.edu.ar\/fr\/wp-json\/wp\/v2\/users\/2"}],"version-history":[{"count":12,"href":"https:\/\/redfasta.edu.ar\/fr\/wp-json\/wp\/v2\/noticias\/9086\/revisions"}],"predecessor-version":[{"id":369668,"href":"https:\/\/redfasta.edu.ar\/fr\/wp-json\/wp\/v2\/noticias\/9086\/revisions\/369668"}],"wp:featuredmedia":[{"embeddable":true,"href":"https:\/\/redfasta.edu.ar\/fr\/wp-json\/wp\/v2\/media\/9096"}],"wp:attachment":[{"href":"https:\/\/redfasta.edu.ar\/fr\/wp-json\/wp\/v2\/media?parent=9086"}],"wp:term":[{"taxonomy":"tipo","embeddable":true,"href":"https:\/\/redfasta.edu.ar\/fr\/wp-json\/wp\/v2\/tipo?post=9086"},{"taxonomy":"categoria","embeddable":true,"href":"https:\/\/redfasta.edu.ar\/fr\/wp-json\/wp\/v2\/categoria?post=9086"},{"taxonomy":"fuente","embeddable":true,"href":"https:\/\/redfasta.edu.ar\/fr\/wp-json\/wp\/v2\/fuente?post=9086"},{"taxonomy":"origen","embeddable":true,"href":"https:\/\/redfasta.edu.ar\/fr\/wp-json\/wp\/v2\/origen?post=9086"}],"curies":[{"name":"wp","href":"https:\/\/api.w.org\/{rel}","templated":true}]}}