{"id":9295,"date":"2022-11-18T14:42:18","date_gmt":"2022-11-18T17:42:18","guid":{"rendered":"https:\/\/redfasta.edu.ar\/?post_type=noticias&#038;p=9295"},"modified":"2023-08-28T11:49:17","modified_gmt":"2023-08-28T14:49:17","slug":"achieved-goals-segunda-etapa-del-programa-pace","status":"publish","type":"noticias","link":"https:\/\/redfasta.edu.ar\/fr\/noticias\/achieved-goals-segunda-etapa-del-programa-pace\/","title":{"rendered":"Achieved goals. Segunda etapa del programa PACE"},"content":{"rendered":"\n<p>La segunda etapa del <strong>Plan for Advanced Certification in English (PACE)<\/strong> desarrollada durante este a\u00f1o 2022 da cuenta de las acciones implementadas para que docentes y alumnos cualifiquen y profesionalicen sus competencias en lengua inglesa.<\/p>\n\n\n\n<h2 class=\"wp-block-heading\" id=\"h-cambridge-placement-test-2022\"><strong>Cambridge Placement Test 2022<\/strong><\/h2>\n\n\n\n<p>A trav\u00e9s de las evaluaciones diagn\u00f3sticas <em>Own it Placement Test, Empower-Placement Test y Kid\u00b4s Box Placement Test<\/em> resueltas por los alumnos, se determin\u00f3 el nivel de Ingl\u00e9s de cada uno de los colegios de acuerdo a las exigencias de Cambridge. Los resultados permitieron trazar las adaptaciones necesarias en cada centro educativo para el despliegue del programa.<\/p>\n\n\n\n<h2 class=\"wp-block-heading\" id=\"h-colegios-fasta-de-caba-centros-de-preparacion-de-examenes-cambridge\"><strong>Colegios Fasta de CABA Centros de Preparaci\u00f3n de Ex\u00e1menes Cambridge<\/strong><\/h2>\n\n\n\n<p>Los equipos directivos y referentes PACE de los colegios Fasta Catherina y San Vicente de Pa\u00fal (Devoto) trabajaron durante los meses de septiembre y octubre junto a la Lic. Monica Marenzi, Gerente de Desarrollos de Negocios BAOC, en las adecuaciones necesarias para que ambos colegios se conviertan en Centros de Preparaci\u00f3n y Sede de Ex\u00e1menes Cambridge.<\/p>\n\n\n\n<h2 class=\"wp-block-heading\" id=\"h-ciclos-formativos-para-docentes-de-la-red-educativa\"><strong>Ciclos formativos para docentes de la Red Educativa<\/strong><\/h2>\n\n\n\n<p>Brindando las herramientas para que los educadores cualifiquen su ingl\u00e9s se realizaron nuevamente dos ciclos formativos con una duraci\u00f3n de cinco meses y la oportunidad de rendir un m\u00f3dulo de Linguaskill con validaci\u00f3n internacional. Los cursos, dise\u00f1ados por la Universidad Fasta, contaban con la alternativa de dos niveles: <em>Beginners, y Pre-intermediate,<\/em> para quienes ya ten\u00edan una base consolidada en el uso pr\u00e1ctico del idioma.<\/p>\n\n\n\n<p>Tambi\u00e9n se ofreci\u00f3 un Ciclo de Conversatorios te\u00f3ricos pr\u00e1cticos para docentes de ingl\u00e9s, con el debido contenido te\u00f3rico sobre una tem\u00e1tica y el intercambio de estrategias de ense\u00f1anza aplicadas en algunos de los colegios participantes del programa.<\/p>\n\n\n\n<h2 class=\"wp-block-heading\" id=\"h-conversatorios-buenas-practicas-compartidas-potencian-el-trabajo-en-red\"><strong>Conversatorios: buenas pr\u00e1cticas compartidas potencian el trabajo en red<\/strong><\/h2>\n\n\n\n<p>En el conversatorio realizado en el mes de agosto se compartieron las experiencias de docentes de Nivel Inicial y 1\u00b0 ciclo del Primario de los colegios Fasta San Vicente de Pa\u00fal (MDQ) y San Jos\u00e9, que priorizan el enfoque comunicativo desde el juego, la elaboraci\u00f3n y la m\u00fasica.<\/p>\n\n\n\n<p>A su vez, en el conversatorio del mes de octubre se presentaron las experiencias de aprendizaje aplicadas por los docentes de 2\u00b0 ciclo de Nivel Primario y de 1\u00b0 ciclo de Secundario de los colegios Fasta Juan Pablo II, Sagrado Coraz\u00f3n, \u00c1ngel Mar\u00eda Boisdr\u00f3n, Villa Eucar\u00edstica y San Vicente de Pa\u00fal (Devoto), quienes a trav\u00e9s de sus actividades aplican el idioma en situaciones reales.<\/p>\n\n\n\n<h2 class=\"wp-block-heading\" id=\"h-24-referentes-pace\"><strong>24 Referentes Pace<\/strong><\/h2>\n\n\n\n<p>En este 2022 se incorporaron nuevos Referentes Pace llegando a un total de 24. Los mismos contribuyen a la gesti\u00f3n y el desarrollo del programa en su colegio, trabajando junto a directivos y docentes para que la cualificaci\u00f3n en ingl\u00e9s cobre un sentido significativo en las pr\u00e1cticas pedag\u00f3gicas.<\/p>\n\n\n\n<p>Muchos m\u00e1s son los logros del programa PACE en este a\u00f1o, sigamos celebrando las buenas noticias de nuestro innovador proyecto educativo.&nbsp;<\/p>\n\n\n\n<hr class=\"wp-block-separator has-alpha-channel-opacity\"\/>\n\n\n\n<p>Mir\u00e1 los post en nuestras redes:<\/p>\n\n\n\n<p><img decoding=\"async\" src=\"https:\/\/s.w.org\/images\/core\/emoji\/14.0.0\/svg\/2764.svg\" alt=\"\u2764\ufe0f\" style=\"width: 15px;\"> <a href=\"https:\/\/www.instagram.com\/p\/ClUKNaDveFM\/?utm_source=ig_web_copy_link\">Post Instagram<\/a><\/p>\n\n\n\n<p><img decoding=\"async\" src=\"https:\/\/s.w.org\/images\/core\/emoji\/14.0.0\/svg\/1f44d.svg\" alt=\"\ud83d\udc4d\" style=\"width: 15px;\"> <a href=\"https:\/\/www.facebook.com\/rededucativafasta\/posts\/pfbid02Jx9qkPxgfmmiZELCd1FuNDdzUsGTZsbpsoMHD698wrZDoJgQqG2jkucEbmKZZ8ugl\">Post Facebook<\/a><\/p>\n","protected":false},"author":2,"featured_media":9300,"template":"","tipo":[55],"categoria":[38],"fuente":[],"origen":[78],"class_list":["post-9295","noticias","type-noticias","status-publish","has-post-thumbnail","hentry","tipo-con-imagen","origen-propia"],"acf":[],"yoast_head":"<!-- This site is optimized with the Yoast SEO Premium plugin v20.1 (Yoast SEO v27.3) - https:\/\/yoast.com\/product\/yoast-seo-premium-wordpress\/ -->\n<title>Achieved goals. Segunda etapa del programa PACE<\/title>\n<meta name=\"description\" content=\"Segunda etapa Pace 2022, Placement Test, Ciclos formativos para docentes, Colegios Fasta Centros de Preparaci\u00f3n de Ex\u00e1menes Cambridge, Conversatorios, Referentes Pace\" \/>\n<meta name=\"robots\" content=\"index, follow, max-snippet:-1, max-image-preview:large, max-video-preview:-1\" \/>\n<link rel=\"canonical\" href=\"https:\/\/redfasta.edu.ar\/noticias\/achieved-goals-segunda-etapa-del-programa-pace\/\" \/>\n<meta property=\"og:locale\" content=\"fr_FR\" \/>\n<meta property=\"og:type\" content=\"article\" \/>\n<meta property=\"og:title\" content=\"Achieved goals. Segunda etapa del programa PACE\" \/>\n<meta property=\"og:description\" content=\"Segunda etapa Pace 2022, Placement Test, Ciclos formativos para docentes, Colegios Fasta Centros de Preparaci\u00f3n de Ex\u00e1menes Cambridge, Conversatorios, Referentes Pace\" \/>\n<meta property=\"og:url\" content=\"https:\/\/redfasta.edu.ar\/noticias\/achieved-goals-segunda-etapa-del-programa-pace\/\" \/>\n<meta property=\"og:site_name\" content=\"Red Educativa Fasta\" \/>\n<meta property=\"article:publisher\" content=\"https:\/\/www.facebook.com\/rededucativafasta\" \/>\n<meta property=\"article:modified_time\" content=\"2023-08-28T14:49:17+00:00\" \/>\n<meta property=\"og:image\" content=\"https:\/\/redfasta.edu.ar\/wp-content\/uploads\/2022\/11\/una-pieza.jpg\" \/>\n\t<meta property=\"og:image:width\" content=\"1400\" \/>\n\t<meta property=\"og:image:height\" content=\"500\" \/>\n\t<meta property=\"og:image:type\" content=\"image\/jpeg\" \/>\n<meta name=\"twitter:card\" content=\"summary_large_image\" \/>\n<meta name=\"twitter:label1\" content=\"Dur\u00e9e de lecture estim\u00e9e\" \/>\n\t<meta name=\"twitter:data1\" content=\"3 minutes\" \/>\n<script type=\"application\/ld+json\" class=\"yoast-schema-graph\">{\"@context\":\"https:\\\/\\\/schema.org\",\"@graph\":[{\"@type\":\"WebPage\",\"@id\":\"https:\\\/\\\/redfasta.edu.ar\\\/noticias\\\/achieved-goals-segunda-etapa-del-programa-pace\\\/\",\"url\":\"https:\\\/\\\/redfasta.edu.ar\\\/noticias\\\/achieved-goals-segunda-etapa-del-programa-pace\\\/\",\"name\":\"Achieved goals. Segunda etapa del programa PACE\",\"isPartOf\":{\"@id\":\"https:\\\/\\\/redfasta.edu.ar\\\/#website\"},\"primaryImageOfPage\":{\"@id\":\"https:\\\/\\\/redfasta.edu.ar\\\/noticias\\\/achieved-goals-segunda-etapa-del-programa-pace\\\/#primaryimage\"},\"image\":{\"@id\":\"https:\\\/\\\/redfasta.edu.ar\\\/noticias\\\/achieved-goals-segunda-etapa-del-programa-pace\\\/#primaryimage\"},\"thumbnailUrl\":\"https:\\\/\\\/redfasta.edu.ar\\\/wp-content\\\/uploads\\\/2022\\\/11\\\/una-pieza.jpg\",\"datePublished\":\"2022-11-18T17:42:18+00:00\",\"dateModified\":\"2023-08-28T14:49:17+00:00\",\"description\":\"Segunda etapa Pace 2022, Placement Test, Ciclos formativos para docentes, Colegios Fasta Centros de Preparaci\u00f3n de Ex\u00e1menes Cambridge, Conversatorios, Referentes Pace\",\"breadcrumb\":{\"@id\":\"https:\\\/\\\/redfasta.edu.ar\\\/noticias\\\/achieved-goals-segunda-etapa-del-programa-pace\\\/#breadcrumb\"},\"inLanguage\":\"fr-FR\",\"potentialAction\":[{\"@type\":\"ReadAction\",\"target\":[\"https:\\\/\\\/redfasta.edu.ar\\\/noticias\\\/achieved-goals-segunda-etapa-del-programa-pace\\\/\"]}]},{\"@type\":\"ImageObject\",\"inLanguage\":\"fr-FR\",\"@id\":\"https:\\\/\\\/redfasta.edu.ar\\\/noticias\\\/achieved-goals-segunda-etapa-del-programa-pace\\\/#primaryimage\",\"url\":\"https:\\\/\\\/redfasta.edu.ar\\\/wp-content\\\/uploads\\\/2022\\\/11\\\/una-pieza.jpg\",\"contentUrl\":\"https:\\\/\\\/redfasta.edu.ar\\\/wp-content\\\/uploads\\\/2022\\\/11\\\/una-pieza.jpg\",\"width\":1400,\"height\":500,\"caption\":\"logros pace\"},{\"@type\":\"BreadcrumbList\",\"@id\":\"https:\\\/\\\/redfasta.edu.ar\\\/noticias\\\/achieved-goals-segunda-etapa-del-programa-pace\\\/#breadcrumb\",\"itemListElement\":[{\"@type\":\"ListItem\",\"position\":1,\"name\":\"Inicio\",\"item\":\"https:\\\/\\\/redfasta.edu.ar\\\/\"},{\"@type\":\"ListItem\",\"position\":2,\"name\":\"Noticias\",\"item\":\"https:\\\/\\\/redfasta.edu.ar\\\/noticias\\\/\"},{\"@type\":\"ListItem\",\"position\":3,\"name\":\"Achieved goals. Segunda etapa del programa PACE\"}]},{\"@type\":\"WebSite\",\"@id\":\"https:\\\/\\\/redfasta.edu.ar\\\/#website\",\"url\":\"https:\\\/\\\/redfasta.edu.ar\\\/\",\"name\":\"Red Educativa Fasta\",\"description\":\"Educamos en la Verdad y el Bien\",\"publisher\":{\"@id\":\"https:\\\/\\\/redfasta.edu.ar\\\/#organization\"},\"potentialAction\":[{\"@type\":\"SearchAction\",\"target\":{\"@type\":\"EntryPoint\",\"urlTemplate\":\"https:\\\/\\\/redfasta.edu.ar\\\/?s={search_term_string}\"},\"query-input\":{\"@type\":\"PropertyValueSpecification\",\"valueRequired\":true,\"valueName\":\"search_term_string\"}}],\"inLanguage\":\"fr-FR\"},{\"@type\":\"Organization\",\"@id\":\"https:\\\/\\\/redfasta.edu.ar\\\/#organization\",\"name\":\"Red Educativa Fasta\",\"url\":\"https:\\\/\\\/redfasta.edu.ar\\\/\",\"logo\":{\"@type\":\"ImageObject\",\"inLanguage\":\"fr-FR\",\"@id\":\"https:\\\/\\\/redfasta.edu.ar\\\/#\\\/schema\\\/logo\\\/image\\\/\",\"url\":\"https:\\\/\\\/redfasta.edu.ar\\\/wp-content\\\/uploads\\\/2021\\\/10\\\/logo-header-bordo.png\",\"contentUrl\":\"https:\\\/\\\/redfasta.edu.ar\\\/wp-content\\\/uploads\\\/2021\\\/10\\\/logo-header-bordo.png\",\"width\":200,\"height\":40,\"caption\":\"Red Educativa Fasta\"},\"image\":{\"@id\":\"https:\\\/\\\/redfasta.edu.ar\\\/#\\\/schema\\\/logo\\\/image\\\/\"},\"sameAs\":[\"https:\\\/\\\/www.facebook.com\\\/rededucativafasta\",\"https:\\\/\\\/www.instagram.com\\\/rededucativafasta\\\/\",\"https:\\\/\\\/www.youtube.com\\\/c\\\/RedEducativaFasta\"]}]}<\/script>\n<!-- \/ Yoast SEO Premium plugin. -->","yoast_head_json":{"title":"Achieved goals. Segunda etapa del programa PACE","description":"Segunda etapa Pace 2022, Placement Test, Ciclos formativos para docentes, Colegios Fasta Centros de Preparaci\u00f3n de Ex\u00e1menes Cambridge, Conversatorios, Referentes Pace","robots":{"index":"index","follow":"follow","max-snippet":"max-snippet:-1","max-image-preview":"max-image-preview:large","max-video-preview":"max-video-preview:-1"},"canonical":"https:\/\/redfasta.edu.ar\/noticias\/achieved-goals-segunda-etapa-del-programa-pace\/","og_locale":"fr_FR","og_type":"article","og_title":"Achieved goals. Segunda etapa del programa PACE","og_description":"Segunda etapa Pace 2022, Placement Test, Ciclos formativos para docentes, Colegios Fasta Centros de Preparaci\u00f3n de Ex\u00e1menes Cambridge, Conversatorios, Referentes Pace","og_url":"https:\/\/redfasta.edu.ar\/noticias\/achieved-goals-segunda-etapa-del-programa-pace\/","og_site_name":"Red Educativa Fasta","article_publisher":"https:\/\/www.facebook.com\/rededucativafasta","article_modified_time":"2023-08-28T14:49:17+00:00","og_image":[{"width":1400,"height":500,"url":"https:\/\/redfasta.edu.ar\/wp-content\/uploads\/2022\/11\/una-pieza.jpg","type":"image\/jpeg"}],"twitter_card":"summary_large_image","twitter_misc":{"Dur\u00e9e de lecture estim\u00e9e":"3 minutes"},"schema":{"@context":"https:\/\/schema.org","@graph":[{"@type":"WebPage","@id":"https:\/\/redfasta.edu.ar\/noticias\/achieved-goals-segunda-etapa-del-programa-pace\/","url":"https:\/\/redfasta.edu.ar\/noticias\/achieved-goals-segunda-etapa-del-programa-pace\/","name":"Achieved goals. Segunda etapa del programa PACE","isPartOf":{"@id":"https:\/\/redfasta.edu.ar\/#website"},"primaryImageOfPage":{"@id":"https:\/\/redfasta.edu.ar\/noticias\/achieved-goals-segunda-etapa-del-programa-pace\/#primaryimage"},"image":{"@id":"https:\/\/redfasta.edu.ar\/noticias\/achieved-goals-segunda-etapa-del-programa-pace\/#primaryimage"},"thumbnailUrl":"https:\/\/redfasta.edu.ar\/wp-content\/uploads\/2022\/11\/una-pieza.jpg","datePublished":"2022-11-18T17:42:18+00:00","dateModified":"2023-08-28T14:49:17+00:00","description":"Segunda etapa Pace 2022, Placement Test, Ciclos formativos para docentes, Colegios Fasta Centros de Preparaci\u00f3n de Ex\u00e1menes Cambridge, Conversatorios, Referentes Pace","breadcrumb":{"@id":"https:\/\/redfasta.edu.ar\/noticias\/achieved-goals-segunda-etapa-del-programa-pace\/#breadcrumb"},"inLanguage":"fr-FR","potentialAction":[{"@type":"ReadAction","target":["https:\/\/redfasta.edu.ar\/noticias\/achieved-goals-segunda-etapa-del-programa-pace\/"]}]},{"@type":"ImageObject","inLanguage":"fr-FR","@id":"https:\/\/redfasta.edu.ar\/noticias\/achieved-goals-segunda-etapa-del-programa-pace\/#primaryimage","url":"https:\/\/redfasta.edu.ar\/wp-content\/uploads\/2022\/11\/una-pieza.jpg","contentUrl":"https:\/\/redfasta.edu.ar\/wp-content\/uploads\/2022\/11\/una-pieza.jpg","width":1400,"height":500,"caption":"logros pace"},{"@type":"BreadcrumbList","@id":"https:\/\/redfasta.edu.ar\/noticias\/achieved-goals-segunda-etapa-del-programa-pace\/#breadcrumb","itemListElement":[{"@type":"ListItem","position":1,"name":"Inicio","item":"https:\/\/redfasta.edu.ar\/"},{"@type":"ListItem","position":2,"name":"Noticias","item":"https:\/\/redfasta.edu.ar\/noticias\/"},{"@type":"ListItem","position":3,"name":"Achieved goals. Segunda etapa del programa PACE"}]},{"@type":"WebSite","@id":"https:\/\/redfasta.edu.ar\/#website","url":"https:\/\/redfasta.edu.ar\/","name":"Red Educativa Fasta","description":"Educamos en la Verdad y el Bien","publisher":{"@id":"https:\/\/redfasta.edu.ar\/#organization"},"potentialAction":[{"@type":"SearchAction","target":{"@type":"EntryPoint","urlTemplate":"https:\/\/redfasta.edu.ar\/?s={search_term_string}"},"query-input":{"@type":"PropertyValueSpecification","valueRequired":true,"valueName":"search_term_string"}}],"inLanguage":"fr-FR"},{"@type":"Organization","@id":"https:\/\/redfasta.edu.ar\/#organization","name":"Red Educativa Fasta","url":"https:\/\/redfasta.edu.ar\/","logo":{"@type":"ImageObject","inLanguage":"fr-FR","@id":"https:\/\/redfasta.edu.ar\/#\/schema\/logo\/image\/","url":"https:\/\/redfasta.edu.ar\/wp-content\/uploads\/2021\/10\/logo-header-bordo.png","contentUrl":"https:\/\/redfasta.edu.ar\/wp-content\/uploads\/2021\/10\/logo-header-bordo.png","width":200,"height":40,"caption":"Red Educativa Fasta"},"image":{"@id":"https:\/\/redfasta.edu.ar\/#\/schema\/logo\/image\/"},"sameAs":["https:\/\/www.facebook.com\/rededucativafasta","https:\/\/www.instagram.com\/rededucativafasta\/","https:\/\/www.youtube.com\/c\/RedEducativaFasta"]}]}},"_links":{"self":[{"href":"https:\/\/redfasta.edu.ar\/fr\/wp-json\/wp\/v2\/noticias\/9295","targetHints":{"allow":["GET"]}}],"collection":[{"href":"https:\/\/redfasta.edu.ar\/fr\/wp-json\/wp\/v2\/noticias"}],"about":[{"href":"https:\/\/redfasta.edu.ar\/fr\/wp-json\/wp\/v2\/types\/noticias"}],"author":[{"embeddable":true,"href":"https:\/\/redfasta.edu.ar\/fr\/wp-json\/wp\/v2\/users\/2"}],"version-history":[{"count":17,"href":"https:\/\/redfasta.edu.ar\/fr\/wp-json\/wp\/v2\/noticias\/9295\/revisions"}],"predecessor-version":[{"id":369708,"href":"https:\/\/redfasta.edu.ar\/fr\/wp-json\/wp\/v2\/noticias\/9295\/revisions\/369708"}],"wp:featuredmedia":[{"embeddable":true,"href":"https:\/\/redfasta.edu.ar\/fr\/wp-json\/wp\/v2\/media\/9300"}],"wp:attachment":[{"href":"https:\/\/redfasta.edu.ar\/fr\/wp-json\/wp\/v2\/media?parent=9295"}],"wp:term":[{"taxonomy":"tipo","embeddable":true,"href":"https:\/\/redfasta.edu.ar\/fr\/wp-json\/wp\/v2\/tipo?post=9295"},{"taxonomy":"categoria","embeddable":true,"href":"https:\/\/redfasta.edu.ar\/fr\/wp-json\/wp\/v2\/categoria?post=9295"},{"taxonomy":"fuente","embeddable":true,"href":"https:\/\/redfasta.edu.ar\/fr\/wp-json\/wp\/v2\/fuente?post=9295"},{"taxonomy":"origen","embeddable":true,"href":"https:\/\/redfasta.edu.ar\/fr\/wp-json\/wp\/v2\/origen?post=9295"}],"curies":[{"name":"wp","href":"https:\/\/api.w.org\/{rel}","templated":true}]}}