{"id":9477,"date":"2022-12-26T14:16:30","date_gmt":"2022-12-26T17:16:30","guid":{"rendered":"https:\/\/redfasta.edu.ar\/?post_type=noticias&#038;p=9477"},"modified":"2023-08-28T11:42:28","modified_gmt":"2023-08-28T14:42:28","slug":"colegio-fasta-santo-cura-brochero-bendicion-del-terreno","status":"publish","type":"noticias","link":"https:\/\/redfasta.edu.ar\/fr\/noticias\/colegio-fasta-santo-cura-brochero-bendicion-del-terreno\/","title":{"rendered":"Colegio Fasta Santo Cura Brochero. Bendici\u00f3n del terreno"},"content":{"rendered":"\n<p>Con la presencia del Vicepresidente de Fasta, Dr. Alejandro Campos; el Presidente Jurisdiccional de Fasta C\u00f3rdoba, Pablo Olivero; el Regente de la Fraternidad Sacerdotal, Pbro. Andr\u00e9s Quiroga; la Regente de la Fraternidad Apost\u00f3lica Santa Catalina de Siena y Directora de Relaciones Institucionales, Cath. \u00c1ngela Mar\u00eda Varela; el Director de EDISUR, Gonzalo Parga; y miembros adultos y j\u00f3venes de la Jurisdicci\u00f3n de Fasta C\u00f3rdoba, el jueves 8 de diciembre se llev\u00f3 a cabo el <a href=\"https:\/\/www.instagram.com\/p\/CmuPbVfpvlK\/?igshid=YmMyMTA2M2Y=\">acto por el cual se dio inicio al proceso de edificaci\u00f3n del colegio<\/a> n\u00famero 27 de la Red Educativa Fasta.<\/p>\n\n\n\n<figure class=\"wp-block-image aligncenter\"><a href=\"https:\/\/www.instagram.com\/reel\/CmMquAQPW9i\/?igshid=YWJhMjlhZTc%3D\"><img fetchpriority=\"high\" decoding=\"async\" width=\"300\" height=\"225\" src=\"https:\/\/redfasta.edu.ar\/wp-content\/uploads\/2022\/12\/reel.gif\" alt=\"\" class=\"wp-image-9501\"\/><\/a><\/figure>\n\n\n\n<p>Luego del acto fundacional en el que se transmiti\u00f3 el esp\u00edritu de que no solamente se funda un colegio sino que inicia una nueva comunidad para vivir la alegr\u00eda del Evangelio, se celebr\u00f3, en acci\u00f3n de gracias, la Santa Misa que fue presidida por el Pbro. Andr\u00e9s Quiroga.<\/p>\n\n\n\n<p>El Colegio Fasta Santo Cura Brochero estar\u00e1 ubicado en el barrio Manantiales, en la zona suroeste de la ciudad, y en sus inicios&nbsp;albergar\u00e1 a familias de Nivel Inicial y 1er grado de Nivel Primario.<\/p>\n\n\n\n<p>Si bien esta nueva instituci\u00f3n educativa naci\u00f3 como iniciativa de algunos padres del colegio Fasta Villa Eucar\u00edstica, hoy el proyecto es un sue\u00f1o que une a toda la Jurisdicci\u00f3n de Fasta C\u00f3rdoba. Para acompa\u00f1ar el proceso se ha conformado la comunidad apost\u00f3lica Santo Cura Brochero con distintos equipos que atienden las necesidades educativas, econ\u00f3micas, de comunicaci\u00f3n y obra, entre otras, junto al trabajo que realiza la empresa constructora EDISUR.<\/p>\n\n\n\n<p>Bajo la protecci\u00f3n del Santo Cura Brochero, la instituci\u00f3n educativa se caracterizar\u00e1 por propiciar una cultura del di\u00e1logo con el otro, con las nuevas tecnolog\u00edas, con el cuidado de la casa com\u00fan y con todo aquello que ayude y sostenga la dignidad de la persona.<\/p>\n\n\n\n<hr class=\"wp-block-separator has-alpha-channel-opacity\"\/>\n\n\n\n<p>Mir\u00e1 m\u00e1s en nuestras redes<\/p>\n\n\n\n<p>\u2764\ufe0f <a href=\"https:\/\/www.instagram.com\/p\/CmuPbVfpvlK\/?igshid=YmMyMTA2M2Y=\">Post en Instagram<\/a><\/p>\n\n\n\n<p>\u2764\ufe0f <a href=\"https:\/\/www.instagram.com\/reel\/CmMquAQPW9i\/?igshid=YWJhMjlhZTc%3D\">Reel en Instagram<\/a><\/p>\n","protected":false},"author":2,"featured_media":9481,"template":"","tipo":[55],"categoria":[40],"fuente":[],"origen":[78],"class_list":["post-9477","noticias","type-noticias","status-publish","has-post-thumbnail","hentry","tipo-con-imagen","origen-propia"],"acf":[],"yoast_head":"<!-- This site is optimized with the Yoast SEO Premium plugin v20.1 (Yoast SEO v27.3) - https:\/\/yoast.com\/product\/yoast-seo-premium-wordpress\/ -->\n<title>Colegio Fasta Santo Cura Brochero. Bendici\u00f3n del terreno<\/title>\n<meta name=\"description\" content=\"Fasta Santo Cura Brochero. Bendici\u00f3n del terreno. Acto y piedra fundamental del colegio que abrir\u00e1 sus puertas en 2024 en C\u00f3rdoba\" \/>\n<meta name=\"robots\" content=\"index, follow, max-snippet:-1, max-image-preview:large, max-video-preview:-1\" \/>\n<link rel=\"canonical\" href=\"https:\/\/redfasta.edu.ar\/noticias\/colegio-fasta-santo-cura-brochero-bendicion-del-terreno\/\" \/>\n<meta property=\"og:locale\" content=\"fr_FR\" \/>\n<meta property=\"og:type\" content=\"article\" \/>\n<meta property=\"og:title\" content=\"Colegio Fasta Santo Cura Brochero. Bendici\u00f3n del terreno\" \/>\n<meta property=\"og:description\" content=\"Fasta Santo Cura Brochero. Bendici\u00f3n del terreno. Acto y piedra fundamental del colegio que abrir\u00e1 sus puertas en 2024 en C\u00f3rdoba\" \/>\n<meta property=\"og:url\" content=\"https:\/\/redfasta.edu.ar\/noticias\/colegio-fasta-santo-cura-brochero-bendicion-del-terreno\/\" \/>\n<meta property=\"og:site_name\" content=\"Red Educativa Fasta\" \/>\n<meta property=\"article:publisher\" content=\"https:\/\/www.facebook.com\/rededucativafasta\" \/>\n<meta property=\"article:modified_time\" content=\"2023-08-28T14:42:28+00:00\" \/>\n<meta property=\"og:image\" content=\"https:\/\/redfasta.edu.ar\/wp-content\/uploads\/2022\/12\/top-acto-col-brochero.jpg\" \/>\n\t<meta property=\"og:image:width\" content=\"1400\" \/>\n\t<meta property=\"og:image:height\" content=\"500\" \/>\n\t<meta property=\"og:image:type\" content=\"image\/jpeg\" \/>\n<meta name=\"twitter:card\" content=\"summary_large_image\" \/>\n<meta name=\"twitter:label1\" content=\"Dur\u00e9e de lecture estim\u00e9e\" \/>\n\t<meta name=\"twitter:data1\" content=\"2 minutes\" \/>\n<script type=\"application\/ld+json\" class=\"yoast-schema-graph\">{\"@context\":\"https:\\\/\\\/schema.org\",\"@graph\":[{\"@type\":\"WebPage\",\"@id\":\"https:\\\/\\\/redfasta.edu.ar\\\/noticias\\\/colegio-fasta-santo-cura-brochero-bendicion-del-terreno\\\/\",\"url\":\"https:\\\/\\\/redfasta.edu.ar\\\/noticias\\\/colegio-fasta-santo-cura-brochero-bendicion-del-terreno\\\/\",\"name\":\"Colegio Fasta Santo Cura Brochero. Bendici\u00f3n del terreno\",\"isPartOf\":{\"@id\":\"https:\\\/\\\/redfasta.edu.ar\\\/#website\"},\"primaryImageOfPage\":{\"@id\":\"https:\\\/\\\/redfasta.edu.ar\\\/noticias\\\/colegio-fasta-santo-cura-brochero-bendicion-del-terreno\\\/#primaryimage\"},\"image\":{\"@id\":\"https:\\\/\\\/redfasta.edu.ar\\\/noticias\\\/colegio-fasta-santo-cura-brochero-bendicion-del-terreno\\\/#primaryimage\"},\"thumbnailUrl\":\"https:\\\/\\\/redfasta.edu.ar\\\/wp-content\\\/uploads\\\/2022\\\/12\\\/top-acto-col-brochero.jpg\",\"datePublished\":\"2022-12-26T17:16:30+00:00\",\"dateModified\":\"2023-08-28T14:42:28+00:00\",\"description\":\"Fasta Santo Cura Brochero. Bendici\u00f3n del terreno. Acto y piedra fundamental del colegio que abrir\u00e1 sus puertas en 2024 en C\u00f3rdoba\",\"breadcrumb\":{\"@id\":\"https:\\\/\\\/redfasta.edu.ar\\\/noticias\\\/colegio-fasta-santo-cura-brochero-bendicion-del-terreno\\\/#breadcrumb\"},\"inLanguage\":\"fr-FR\",\"potentialAction\":[{\"@type\":\"ReadAction\",\"target\":[\"https:\\\/\\\/redfasta.edu.ar\\\/noticias\\\/colegio-fasta-santo-cura-brochero-bendicion-del-terreno\\\/\"]}]},{\"@type\":\"ImageObject\",\"inLanguage\":\"fr-FR\",\"@id\":\"https:\\\/\\\/redfasta.edu.ar\\\/noticias\\\/colegio-fasta-santo-cura-brochero-bendicion-del-terreno\\\/#primaryimage\",\"url\":\"https:\\\/\\\/redfasta.edu.ar\\\/wp-content\\\/uploads\\\/2022\\\/12\\\/top-acto-col-brochero.jpg\",\"contentUrl\":\"https:\\\/\\\/redfasta.edu.ar\\\/wp-content\\\/uploads\\\/2022\\\/12\\\/top-acto-col-brochero.jpg\",\"width\":1400,\"height\":500},{\"@type\":\"BreadcrumbList\",\"@id\":\"https:\\\/\\\/redfasta.edu.ar\\\/noticias\\\/colegio-fasta-santo-cura-brochero-bendicion-del-terreno\\\/#breadcrumb\",\"itemListElement\":[{\"@type\":\"ListItem\",\"position\":1,\"name\":\"Inicio\",\"item\":\"https:\\\/\\\/redfasta.edu.ar\\\/\"},{\"@type\":\"ListItem\",\"position\":2,\"name\":\"Noticias\",\"item\":\"https:\\\/\\\/redfasta.edu.ar\\\/noticias\\\/\"},{\"@type\":\"ListItem\",\"position\":3,\"name\":\"Colegio Fasta Santo Cura Brochero. Bendici\u00f3n del terreno\"}]},{\"@type\":\"WebSite\",\"@id\":\"https:\\\/\\\/redfasta.edu.ar\\\/#website\",\"url\":\"https:\\\/\\\/redfasta.edu.ar\\\/\",\"name\":\"Red Educativa Fasta\",\"description\":\"Educamos en la Verdad y el Bien\",\"publisher\":{\"@id\":\"https:\\\/\\\/redfasta.edu.ar\\\/#organization\"},\"potentialAction\":[{\"@type\":\"SearchAction\",\"target\":{\"@type\":\"EntryPoint\",\"urlTemplate\":\"https:\\\/\\\/redfasta.edu.ar\\\/?s={search_term_string}\"},\"query-input\":{\"@type\":\"PropertyValueSpecification\",\"valueRequired\":true,\"valueName\":\"search_term_string\"}}],\"inLanguage\":\"fr-FR\"},{\"@type\":\"Organization\",\"@id\":\"https:\\\/\\\/redfasta.edu.ar\\\/#organization\",\"name\":\"Red Educativa Fasta\",\"url\":\"https:\\\/\\\/redfasta.edu.ar\\\/\",\"logo\":{\"@type\":\"ImageObject\",\"inLanguage\":\"fr-FR\",\"@id\":\"https:\\\/\\\/redfasta.edu.ar\\\/#\\\/schema\\\/logo\\\/image\\\/\",\"url\":\"https:\\\/\\\/redfasta.edu.ar\\\/wp-content\\\/uploads\\\/2021\\\/10\\\/logo-header-bordo.png\",\"contentUrl\":\"https:\\\/\\\/redfasta.edu.ar\\\/wp-content\\\/uploads\\\/2021\\\/10\\\/logo-header-bordo.png\",\"width\":200,\"height\":40,\"caption\":\"Red Educativa Fasta\"},\"image\":{\"@id\":\"https:\\\/\\\/redfasta.edu.ar\\\/#\\\/schema\\\/logo\\\/image\\\/\"},\"sameAs\":[\"https:\\\/\\\/www.facebook.com\\\/rededucativafasta\",\"https:\\\/\\\/www.instagram.com\\\/rededucativafasta\\\/\",\"https:\\\/\\\/www.youtube.com\\\/c\\\/RedEducativaFasta\"]}]}<\/script>\n<!-- \/ Yoast SEO Premium plugin. -->","yoast_head_json":{"title":"Colegio Fasta Santo Cura Brochero. Bendici\u00f3n del terreno","description":"Fasta Santo Cura Brochero. Bendici\u00f3n del terreno. Acto y piedra fundamental del colegio que abrir\u00e1 sus puertas en 2024 en C\u00f3rdoba","robots":{"index":"index","follow":"follow","max-snippet":"max-snippet:-1","max-image-preview":"max-image-preview:large","max-video-preview":"max-video-preview:-1"},"canonical":"https:\/\/redfasta.edu.ar\/noticias\/colegio-fasta-santo-cura-brochero-bendicion-del-terreno\/","og_locale":"fr_FR","og_type":"article","og_title":"Colegio Fasta Santo Cura Brochero. Bendici\u00f3n del terreno","og_description":"Fasta Santo Cura Brochero. Bendici\u00f3n del terreno. Acto y piedra fundamental del colegio que abrir\u00e1 sus puertas en 2024 en C\u00f3rdoba","og_url":"https:\/\/redfasta.edu.ar\/noticias\/colegio-fasta-santo-cura-brochero-bendicion-del-terreno\/","og_site_name":"Red Educativa Fasta","article_publisher":"https:\/\/www.facebook.com\/rededucativafasta","article_modified_time":"2023-08-28T14:42:28+00:00","og_image":[{"width":1400,"height":500,"url":"https:\/\/redfasta.edu.ar\/wp-content\/uploads\/2022\/12\/top-acto-col-brochero.jpg","type":"image\/jpeg"}],"twitter_card":"summary_large_image","twitter_misc":{"Dur\u00e9e de lecture estim\u00e9e":"2 minutes"},"schema":{"@context":"https:\/\/schema.org","@graph":[{"@type":"WebPage","@id":"https:\/\/redfasta.edu.ar\/noticias\/colegio-fasta-santo-cura-brochero-bendicion-del-terreno\/","url":"https:\/\/redfasta.edu.ar\/noticias\/colegio-fasta-santo-cura-brochero-bendicion-del-terreno\/","name":"Colegio Fasta Santo Cura Brochero. Bendici\u00f3n del terreno","isPartOf":{"@id":"https:\/\/redfasta.edu.ar\/#website"},"primaryImageOfPage":{"@id":"https:\/\/redfasta.edu.ar\/noticias\/colegio-fasta-santo-cura-brochero-bendicion-del-terreno\/#primaryimage"},"image":{"@id":"https:\/\/redfasta.edu.ar\/noticias\/colegio-fasta-santo-cura-brochero-bendicion-del-terreno\/#primaryimage"},"thumbnailUrl":"https:\/\/redfasta.edu.ar\/wp-content\/uploads\/2022\/12\/top-acto-col-brochero.jpg","datePublished":"2022-12-26T17:16:30+00:00","dateModified":"2023-08-28T14:42:28+00:00","description":"Fasta Santo Cura Brochero. Bendici\u00f3n del terreno. Acto y piedra fundamental del colegio que abrir\u00e1 sus puertas en 2024 en C\u00f3rdoba","breadcrumb":{"@id":"https:\/\/redfasta.edu.ar\/noticias\/colegio-fasta-santo-cura-brochero-bendicion-del-terreno\/#breadcrumb"},"inLanguage":"fr-FR","potentialAction":[{"@type":"ReadAction","target":["https:\/\/redfasta.edu.ar\/noticias\/colegio-fasta-santo-cura-brochero-bendicion-del-terreno\/"]}]},{"@type":"ImageObject","inLanguage":"fr-FR","@id":"https:\/\/redfasta.edu.ar\/noticias\/colegio-fasta-santo-cura-brochero-bendicion-del-terreno\/#primaryimage","url":"https:\/\/redfasta.edu.ar\/wp-content\/uploads\/2022\/12\/top-acto-col-brochero.jpg","contentUrl":"https:\/\/redfasta.edu.ar\/wp-content\/uploads\/2022\/12\/top-acto-col-brochero.jpg","width":1400,"height":500},{"@type":"BreadcrumbList","@id":"https:\/\/redfasta.edu.ar\/noticias\/colegio-fasta-santo-cura-brochero-bendicion-del-terreno\/#breadcrumb","itemListElement":[{"@type":"ListItem","position":1,"name":"Inicio","item":"https:\/\/redfasta.edu.ar\/"},{"@type":"ListItem","position":2,"name":"Noticias","item":"https:\/\/redfasta.edu.ar\/noticias\/"},{"@type":"ListItem","position":3,"name":"Colegio Fasta Santo Cura Brochero. Bendici\u00f3n del terreno"}]},{"@type":"WebSite","@id":"https:\/\/redfasta.edu.ar\/#website","url":"https:\/\/redfasta.edu.ar\/","name":"Red Educativa Fasta","description":"Educamos en la Verdad y el Bien","publisher":{"@id":"https:\/\/redfasta.edu.ar\/#organization"},"potentialAction":[{"@type":"SearchAction","target":{"@type":"EntryPoint","urlTemplate":"https:\/\/redfasta.edu.ar\/?s={search_term_string}"},"query-input":{"@type":"PropertyValueSpecification","valueRequired":true,"valueName":"search_term_string"}}],"inLanguage":"fr-FR"},{"@type":"Organization","@id":"https:\/\/redfasta.edu.ar\/#organization","name":"Red Educativa Fasta","url":"https:\/\/redfasta.edu.ar\/","logo":{"@type":"ImageObject","inLanguage":"fr-FR","@id":"https:\/\/redfasta.edu.ar\/#\/schema\/logo\/image\/","url":"https:\/\/redfasta.edu.ar\/wp-content\/uploads\/2021\/10\/logo-header-bordo.png","contentUrl":"https:\/\/redfasta.edu.ar\/wp-content\/uploads\/2021\/10\/logo-header-bordo.png","width":200,"height":40,"caption":"Red Educativa Fasta"},"image":{"@id":"https:\/\/redfasta.edu.ar\/#\/schema\/logo\/image\/"},"sameAs":["https:\/\/www.facebook.com\/rededucativafasta","https:\/\/www.instagram.com\/rededucativafasta\/","https:\/\/www.youtube.com\/c\/RedEducativaFasta"]}]}},"_links":{"self":[{"href":"https:\/\/redfasta.edu.ar\/fr\/wp-json\/wp\/v2\/noticias\/9477","targetHints":{"allow":["GET"]}}],"collection":[{"href":"https:\/\/redfasta.edu.ar\/fr\/wp-json\/wp\/v2\/noticias"}],"about":[{"href":"https:\/\/redfasta.edu.ar\/fr\/wp-json\/wp\/v2\/types\/noticias"}],"author":[{"embeddable":true,"href":"https:\/\/redfasta.edu.ar\/fr\/wp-json\/wp\/v2\/users\/2"}],"version-history":[{"count":14,"href":"https:\/\/redfasta.edu.ar\/fr\/wp-json\/wp\/v2\/noticias\/9477\/revisions"}],"predecessor-version":[{"id":369687,"href":"https:\/\/redfasta.edu.ar\/fr\/wp-json\/wp\/v2\/noticias\/9477\/revisions\/369687"}],"wp:featuredmedia":[{"embeddable":true,"href":"https:\/\/redfasta.edu.ar\/fr\/wp-json\/wp\/v2\/media\/9481"}],"wp:attachment":[{"href":"https:\/\/redfasta.edu.ar\/fr\/wp-json\/wp\/v2\/media?parent=9477"}],"wp:term":[{"taxonomy":"tipo","embeddable":true,"href":"https:\/\/redfasta.edu.ar\/fr\/wp-json\/wp\/v2\/tipo?post=9477"},{"taxonomy":"categoria","embeddable":true,"href":"https:\/\/redfasta.edu.ar\/fr\/wp-json\/wp\/v2\/categoria?post=9477"},{"taxonomy":"fuente","embeddable":true,"href":"https:\/\/redfasta.edu.ar\/fr\/wp-json\/wp\/v2\/fuente?post=9477"},{"taxonomy":"origen","embeddable":true,"href":"https:\/\/redfasta.edu.ar\/fr\/wp-json\/wp\/v2\/origen?post=9477"}],"curies":[{"name":"wp","href":"https:\/\/api.w.org\/{rel}","templated":true}]}}